{"id":222811,"date":"2021-02-27T00:00:00","date_gmt":"2021-02-27T00:00:00","guid":{"rendered":"http:\/\/unadeca.ac.cr\/teologia\/?p=222811"},"modified":"2021-02-26T22:16:46","modified_gmt":"2021-02-26T22:16:46","slug":"desafio-retornar-a-dios-abandonando-nuestras-rebeliones-y-mentiras-para-que-pueda-redimirnos","status":"publish","type":"post","link":"http:\/\/unadeca.ac.cr\/teologia\/2021\/02\/27\/desafio-retornar-a-dios-abandonando-nuestras-rebeliones-y-mentiras-para-que-pueda-redimirnos\/","title":{"rendered":"DESAF\u00cdO: RETORNAR A DIOS, ABANDONANDO NUESTRAS REBELIONES Y MENTIRAS, PARA QUE PUEDA REDIMIRNOS"},"content":{"rendered":"\n<h2 class=\"has-text-align-center wp-block-heading\">LEAMOS HOY 27 DE FEBRERO OSEAS 7<\/h2>\n\n\n\n<figure class=\"wp-block-pullquote\"><blockquote class=\"has-text-color has-vivid-green-cyan-color\"><p><strong>VERS\u00cdCULO PARA MEMORIZAR: <\/strong><\/p><p>\u201c\u00a1Ay de ellos! porque se apartaron de m\u00ed; destrucci\u00f3n vendr\u00e1 sobre ellos, porque contra m\u00ed se rebelaron; yo los redim\u00ed, y ellos hablaron mentiras contra m\u00ed.\u201d <\/p><cite>oseas 7:13<\/cite><\/blockquote><\/figure>\n\n\n\n<h3 class=\"has-text-align-center wp-block-heading\">COMENTARIO HIST\u00d3RICO OSEAS 7<\/h3>\n\n\n\n<p>A la muerte de Jeroboam II, el pa\u00eds entr\u00f3 en una anarqu\u00eda generalizada en todas las \u00e1reas del reino. Se levant\u00f3 una guerra inusitada por la ascensi\u00f3n al trono, y hubo una sucesi\u00f3n de 5 reyes en 13 a\u00f1os: Zacar\u00edas, Sallum, Manah\u00e9n, Peca\u00edas y Peca, estos reyes fueron asesinados, y los conspiradores, se coronaban como reyes. Para solucionar esta crisis de ingobernabilidad, Dios les pide que abandonen su rebeld\u00eda, mentiras, y que retornen a Dios, ya que \u00c9l tiene el poder para redimirlos. La ingratitud es una mala caracter\u00edstica del ser humano, por esa raz\u00f3n, Dios declara por medio del profeta: \u201cYo los redim\u00ed, y ellos hablaron mentiras contra m\u00ed\u201d. Apreciado lector: no despreciemos las ofertas de salvaci\u00f3n. Aceptemos a Cristo como nuestro salvado. <\/p>\n\n\n\n<p><strong>RETORNAR A DIOS.-<\/strong> Al igual que a la iglesia de \u00c9feso, se nos apela: \u201cRecuerda d\u00f3nde has ca\u00eddo y arrepi\u00e9ntete\u201d. \u00bfEstamos alejados de Dios? \u00bfQu\u00e9 pecados nos est\u00e1n separando de la gracia divina? <\/p>\n\n\n\n<p><strong>ABANDONEMOS NUESTRAS REBELIONES.-<\/strong> La rebeli\u00f3n se inicia con el deseo de ser independientes de Dios, y se consolida cuando se declaran aut\u00f3nomos de la conducci\u00f3n divina, para caer en el control de Satan\u00e1s.&nbsp; <\/p>\n\n\n\n<p><strong>DIOS DESEA REDIMIRNOS.<\/strong>&#8211; Dios no toma en cuenta nuestra vida pecaminosa, ni nuestro pasado. Su deseo es que volvamos a tener una relaci\u00f3n personal con Cristo, porque \u00c9l desea redimirnos y restaurarnos.<\/p>\n\n\n\n<h3 class=\"has-text-align-center wp-block-heading\">CITA SELECTA<\/h3>\n\n\n\n<blockquote class=\"wp-block-quote is-layout-flow wp-block-quote-is-layout-flow\"><p>\u201c\u00bfEscogiste t\u00fa, lector, tu propio camino? \u00bfTe has extraviado lejos de Dios? \u00bfHas procurado alimentarte con los frutos de la transgresi\u00f3n, tan s\u00f3lo para hallar que se tornan cenizas en tus labios? Y ahora, frustrados los planes que hiciste para tu vida, muertas tus esperanzas, \u00bfte hallas sentado solo y desconsolado? Esa voz que desde hace mucho ha estado hablando a tu coraz\u00f3n y a la cual no quisiste escuchar, te llega distinta y clara: \u201cLevantaos, y andad, que no es \u00e9sta la holganza; porque est\u00e1 contaminada, se corrompi\u00f3, y de grande corrupci\u00f3n.\u201d Miqueas 2:10. Vuelve a la casa de tu Padre. \u00c9l te invita diciendo: \u201cT\u00f3rnate a m\u00ed, porque yo te redim\u00ed.\u201d Isa\u00edas 44:22 <\/p><cite>(Profetas y Reyes 236).<\/cite><\/blockquote>\n\n\n\n<h3 class=\"has-text-align-center wp-block-heading\">ORACI\u00d3N<\/h3>\n\n\n\n<p>PADRE. TE PEDIMOS PERD\u00d3N PORQUE NOS HEMOS ALEJADOS DE TU GRACIA. QUITA NUESTRAS REBELIONES. TE SUPLICAMOS QUE TU PERD\u00d3N SE EXTIENDA A TODOS NUESTROS SERES AMADOS, Y HERMANOS DE IGLESIA. POR JES\u00daS, AM\u00c9N.&nbsp;<\/p>\n\n\n\n<iframe width=\"100%\" height=\"166\" scrolling=\"no\" frameborder=\"no\" allow=\"autoplay\" src=\"https:\/\/w.soundcloud.com\/player\/?url=https%3A\/\/api.soundcloud.com\/tracks\/989233930&#038;color=%23ff5500&#038;auto_play=false&#038;hide_related=false&#038;show_comments=true&#038;show_user=true&#038;show_reposts=false&#038;show_teaser=true\"><\/iframe><div style=\"font-size: 10px; color: #cccccc;line-break: anywhere;word-break: normal;overflow: hidden;white-space: nowrap;text-overflow: ellipsis; font-family: Interstate,Lucida Grande,Lucida Sans Unicode,Lucida Sans,Garuda,Verdana,Tahoma,sans-serif;font-weight: 100;\"><a href=\"https:\/\/soundcloud.com\/centro-white-unadeca-1\" title=\"Escuela de Teolog\u00eda, UNADECA\" target=\"_blank\" style=\"color: #cccccc; text-decoration: none;\" rel=\"noopener\">Escuela de Teolog\u00eda, UNADECA<\/a> \u00b7 <a href=\"https:\/\/soundcloud.com\/centro-white-unadeca-1\/20210227-oseas-7\" title=\"20210227 Oseas 7\" target=\"_blank\" style=\"color: #cccccc; text-decoration: none;\" rel=\"noopener\">20210227 Oseas 7<\/a><\/div>\n\n\n\n<figure class=\"wp-block-embed is-type-video is-provider-youtube wp-block-embed-youtube wp-embed-aspect-16-9 wp-has-aspect-ratio\"><div class=\"wp-block-embed__wrapper\">\n<div class=\"ast-oembed-container \" style=\"height: 100%;\"><iframe title=\"Atentos Oseas 7\" width=\"500\" height=\"281\" src=\"https:\/\/www.youtube.com\/embed\/uTHuYWXCkAo?feature=oembed\" frameborder=\"0\" allow=\"accelerometer; autoplay; clipboard-write; encrypted-media; gyroscope; picture-in-picture; web-share\" referrerpolicy=\"strict-origin-when-cross-origin\" allowfullscreen><\/iframe><\/div>\n<\/div><\/figure>\n","protected":false},"excerpt":{"rendered":"<p>LEAMOS HOY 27 DE FEBRERO OSEAS 7.<br \/>\nVERS\u00cdCULO PARA MEMORIZAR: \u201c\u00a1Ay de ellos! porque se apartaron de m\u00ed; destrucci\u00f3n vendr\u00e1 sobre ellos, porque contra m\u00ed se rebelaron; yo los redim\u00ed, y ellos hablaron mentiras contra m\u00ed.\u201d (Ver. 13).<\/p>\n","protected":false},"author":1,"featured_media":222337,"comment_status":"open","ping_status":"open","sticky":false,"template":"","format":"standard","meta":{"_eb_attr":"","site-sidebar-layout":"default","site-content-layout":"","ast-site-content-layout":"","site-content-style":"default","site-sidebar-style":"default","ast-global-header-display":"","ast-banner-title-visibility":"","ast-main-header-display":"","ast-hfb-above-header-display":"","ast-hfb-below-header-display":"","ast-hfb-mobile-header-display":"","site-post-title":"","ast-breadcrumbs-content":"","ast-featured-img":"","footer-sml-layout":"","theme-transparent-header-meta":"","adv-header-id-meta":"","stick-header-meta":"","header-above-stick-meta":"","header-main-stick-meta":"","header-below-stick-meta":"","astra-migrate-meta-layouts":"default","ast-page-background-enabled":"default","ast-page-background-meta":{"desktop":{"background-color":"var(--ast-global-color-4)","background-image":"","background-repeat":"repeat","background-position":"center center","background-size":"auto","background-attachment":"scroll","background-type":"","background-media":"","overlay-type":"","overlay-color":"","overlay-gradient":""},"tablet":{"background-color":"","background-image":"","background-repeat":"repeat","background-position":"center center","background-size":"auto","background-attachment":"scroll","background-type":"","background-media":"","overlay-type":"","overlay-color":"","overlay-gradient":""},"mobile":{"background-color":"","background-image":"","background-repeat":"repeat","background-position":"center center","background-size":"auto","background-attachment":"scroll","background-type":"","background-media":"","overlay-type":"","overlay-color":"","overlay-gradient":""}},"ast-content-background-meta":{"desktop":{"background-color":"var(--ast-global-color-5)","background-image":"","background-repeat":"repeat","background-position":"center center","background-size":"auto","background-attachment":"scroll","background-type":"","background-media":"","overlay-type":"","overlay-color":"","overlay-gradient":""},"tablet":{"background-color":"var(--ast-global-color-5)","background-image":"","background-repeat":"repeat","background-position":"center center","background-size":"auto","background-attachment":"scroll","background-type":"","background-media":"","overlay-type":"","overlay-color":"","overlay-gradient":""},"mobile":{"background-color":"var(--ast-global-color-5)","background-image":"","background-repeat":"repeat","background-position":"center center","background-size":"auto","background-attachment":"scroll","background-type":"","background-media":"","overlay-type":"","overlay-color":"","overlay-gradient":""}},"footnotes":""},"categories":[1],"tags":[],"class_list":["post-222811","post","type-post","status-publish","format-standard","has-post-thumbnail","hentry","category-atentos"],"_links":{"self":[{"href":"http:\/\/unadeca.ac.cr\/teologia\/wp-json\/wp\/v2\/posts\/222811","targetHints":{"allow":["GET"]}}],"collection":[{"href":"http:\/\/unadeca.ac.cr\/teologia\/wp-json\/wp\/v2\/posts"}],"about":[{"href":"http:\/\/unadeca.ac.cr\/teologia\/wp-json\/wp\/v2\/types\/post"}],"author":[{"embeddable":true,"href":"http:\/\/unadeca.ac.cr\/teologia\/wp-json\/wp\/v2\/users\/1"}],"replies":[{"embeddable":true,"href":"http:\/\/unadeca.ac.cr\/teologia\/wp-json\/wp\/v2\/comments?post=222811"}],"version-history":[{"count":3,"href":"http:\/\/unadeca.ac.cr\/teologia\/wp-json\/wp\/v2\/posts\/222811\/revisions"}],"predecessor-version":[{"id":222820,"href":"http:\/\/unadeca.ac.cr\/teologia\/wp-json\/wp\/v2\/posts\/222811\/revisions\/222820"}],"wp:featuredmedia":[{"embeddable":true,"href":"http:\/\/unadeca.ac.cr\/teologia\/wp-json\/wp\/v2\/media\/222337"}],"wp:attachment":[{"href":"http:\/\/unadeca.ac.cr\/teologia\/wp-json\/wp\/v2\/media?parent=222811"}],"wp:term":[{"taxonomy":"category","embeddable":true,"href":"http:\/\/unadeca.ac.cr\/teologia\/wp-json\/wp\/v2\/categories?post=222811"},{"taxonomy":"post_tag","embeddable":true,"href":"http:\/\/unadeca.ac.cr\/teologia\/wp-json\/wp\/v2\/tags?post=222811"}],"curies":[{"name":"wp","href":"https:\/\/api.w.org\/{rel}","templated":true}]}}