{"id":223767,"date":"2021-11-15T00:00:00","date_gmt":"2021-11-15T00:00:00","guid":{"rendered":"https:\/\/unadeca.ac.cr\/teologia\/?p=223767"},"modified":"2021-11-09T02:12:45","modified_gmt":"2021-11-09T02:12:45","slug":"desafio-tener-una-vida-diferente-a-la-conducta-moral-de-nuestro-entorno","status":"publish","type":"post","link":"http:\/\/unadeca.ac.cr\/teologia\/2021\/11\/15\/desafio-tener-una-vida-diferente-a-la-conducta-moral-de-nuestro-entorno\/","title":{"rendered":"DESAF\u00cdO: TENER UNA VIDA DIFERENTE A LA CONDUCTA MORAL DE NUESTRO ENTORNO"},"content":{"rendered":"\n<h2 class=\"wp-block-heading\"><strong>LEAMOS HOY 15 DE NOVIEMBRE TITO 1<\/strong><\/h2>\n\n\n\n<pre class=\"wp-block-verse\"><strong>VERS\u00cdCULO PARA MEMORIZAR<\/strong>: \u201cPor esta causa te dej\u00e9 en Creta, para que corrigieses lo deficiente, y establecieses ancianos en cada ciudad, as\u00ed como yo te mand\u00e9.\u201d (Ver. 5).<\/pre>\n\n\n\n<p>AUTOR DE LA CARTA A TITO.- Pablo escribi\u00f3 esta carta de asesor\u00eda pastoral a Tito, quien era un cristiano gentil, que se hab\u00eda convertido en su colaborador. Tito permaneci\u00f3 en Creta con el prop\u00f3sito de que ministrara las iglesias y que nombrara ancianos. En la introducci\u00f3n de la carta, Pablo dice: \u201cA Tito, verdadero hijo en la com\u00fan fe\u201d.<\/p>\n\n\n\n<p>FECHA.- Pablo escribi\u00f3 la carta a Tito desde Nic\u00f3polis, ciudad ubicada al oeste de Grecia el a\u00f1o 66 d. C. cuando estuvo libre entre su primer y segundo&nbsp; encarcelamiento. Creta es la isla m\u00e1s grande del mar Mediterr\u00e1neo y tiene una superficie de 8.618 kil\u00f3metros cuadrados. Creta tuvo una civilizaci\u00f3n muy desarrollada que compiti\u00f3 con la cultura mesopot\u00e1mica y egipcia.<\/p>\n\n\n\n<p>TEMA.- Los desaf\u00edos que Pablo presenta a Tito son: 1) Formar l\u00edderes eclesiales cuyas vidas sean distintas a la conducta inmoral de los pobladores cretenses; 2) Ense\u00f1anza de normas cristianas para tener una vida familiar que contraste con los no conversos; 3) Resistir las doctrinas her\u00e9ticas ense\u00f1adas por los falsos maestros.<\/p>\n\n\n\n<p><strong>CITA SELECTA.-<\/strong> <\/p>\n\n\n\n<blockquote class=\"wp-block-quote is-layout-flow wp-block-quote-is-layout-flow\"><p>\u201cSiempre existir\u00e1 un esp\u00edritu que se levante contra la reprensi\u00f3n del pecado y el mal. Pero la voz de reprensi\u00f3n no debe callar por causa de esto&#8230; Pablo mand\u00f3 a Tito, \u201cEsto habla, exhorta y reprende con toda autoridad. Nadie te menosprecie\u201d Siempre habr\u00e1 aquellos que desprecien a los que se atreven a reprobar el pecado. Pero cuando sea necesario, la reprensi\u00f3n debe ser dada. Pablo dirige a Tito a reprender severamente a cierta clase, para que puedan estar firmes en la fe. \u00bfY c\u00f3mo se debe hacer la reprensi\u00f3n? Deje que el ap\u00f3stol conteste: \u201cCon toda paciencia y doctrina\u201d. Se le debe mostrar al que est\u00e1 en el error que su conducta no est\u00e1 en armon\u00eda con la Palabra de Dios. Pero nunca se deben dejar pasar con indiferencia las equivocaciones de la gente. Aquellos que fielmente desempe\u00f1an sus deberes desagradables bajo un sentido de su responsabilidad ante Dios, recibir\u00e1n su bendici\u00f3n.\u201d <\/p><cite>ST, 16\/9\/ 1880.<\/cite><\/blockquote>\n\n\n\n<p><strong>ORACI\u00d3N<\/strong>: <\/p>\n\n\n\n<p>DIOS NUESTRO. AL INICIAR LA LECTURA DE LA CARTA A TITO, NOS COMPROMETEMOS A CULTIVAR CON LA AYUDA DEL ESP\u00cdRITU SANTO, UNA CONDUCTA QUE TESTIFIQUE QUE SOMOS CRISTIANOS. Y QUE CONSERVEMOS A TU IGLESIA DE TODA HEREJ\u00cdA. POR JES\u00daS, AM\u00c9N.\u00a0<\/p>\n\n\n\n<iframe width=\"100%\" height=\"166\" scrolling=\"no\" frameborder=\"no\" allow=\"autoplay\" src=\"https:\/\/w.soundcloud.com\/player\/?url=https%3A\/\/api.soundcloud.com\/tracks\/1155282208&#038;color=%23ff5500&#038;auto_play=true&#038;hide_related=false&#038;show_comments=false&#038;show_user=true&#038;show_reposts=false&#038;show_teaser=true\"><\/iframe><div style=\"font-size: 10px; color: #cccccc;line-break: anywhere;word-break: normal;overflow: hidden;white-space: nowrap;text-overflow: ellipsis; font-family: Interstate,Lucida Grande,Lucida Sans Unicode,Lucida Sans,Garuda,Verdana,Tahoma,sans-serif;font-weight: 100;\"><a href=\"https:\/\/soundcloud.com\/centro-white-unadeca-1\" title=\"Escuela de Teolog\u00eda, UNADECA\" target=\"_blank\" style=\"color: #cccccc; text-decoration: none;\" rel=\"noopener\">Escuela de Teolog\u00eda, UNADECA<\/a> \u00b7 <a href=\"https:\/\/soundcloud.com\/centro-white-unadeca-1\/20211115-tito1\" title=\"20211115 Tito1\" target=\"_blank\" style=\"color: #cccccc; text-decoration: none;\" rel=\"noopener\">20211115 Tito1<\/a><\/div>\n","protected":false},"excerpt":{"rendered":"<p>LEAMOS HOY 15 DE NOVIEMBRE TITO 1 VERS\u00cdCULO PARA MEMORIZAR: \u201cPor esta causa te dej\u00e9 en Creta, para que corrigieses lo deficiente, y establecieses ancianos en cada ciudad, as\u00ed como yo te mand\u00e9.\u201d (Ver. 5). AUTOR DE LA CARTA A TITO.- Pablo escribi\u00f3 esta carta de asesor\u00eda pastoral a Tito, quien era un cristiano gentil, [&hellip;]<\/p>\n","protected":false},"author":1,"featured_media":0,"comment_status":"open","ping_status":"open","sticky":false,"template":"","format":"standard","meta":{"_eb_attr":"","site-sidebar-layout":"default","site-content-layout":"","ast-site-content-layout":"","site-content-style":"default","site-sidebar-style":"default","ast-global-header-display":"","ast-banner-title-visibility":"","ast-main-header-display":"","ast-hfb-above-header-display":"","ast-hfb-below-header-display":"","ast-hfb-mobile-header-display":"","site-post-title":"","ast-breadcrumbs-content":"","ast-featured-img":"","footer-sml-layout":"","theme-transparent-header-meta":"","adv-header-id-meta":"","stick-header-meta":"","header-above-stick-meta":"","header-main-stick-meta":"","header-below-stick-meta":"","astra-migrate-meta-layouts":"default","ast-page-background-enabled":"default","ast-page-background-meta":{"desktop":{"background-color":"var(--ast-global-color-4)","background-image":"","background-repeat":"repeat","background-position":"center center","background-size":"auto","background-attachment":"scroll","background-type":"","background-media":"","overlay-type":"","overlay-color":"","overlay-gradient":""},"tablet":{"background-color":"","background-image":"","background-repeat":"repeat","background-position":"center center","background-size":"auto","background-attachment":"scroll","background-type":"","background-media":"","overlay-type":"","overlay-color":"","overlay-gradient":""},"mobile":{"background-color":"","background-image":"","background-repeat":"repeat","background-position":"center center","background-size":"auto","background-attachment":"scroll","background-type":"","background-media":"","overlay-type":"","overlay-color":"","overlay-gradient":""}},"ast-content-background-meta":{"desktop":{"background-color":"var(--ast-global-color-5)","background-image":"","background-repeat":"repeat","background-position":"center center","background-size":"auto","background-attachment":"scroll","background-type":"","background-media":"","overlay-type":"","overlay-color":"","overlay-gradient":""},"tablet":{"background-color":"var(--ast-global-color-5)","background-image":"","background-repeat":"repeat","background-position":"center center","background-size":"auto","background-attachment":"scroll","background-type":"","background-media":"","overlay-type":"","overlay-color":"","overlay-gradient":""},"mobile":{"background-color":"var(--ast-global-color-5)","background-image":"","background-repeat":"repeat","background-position":"center center","background-size":"auto","background-attachment":"scroll","background-type":"","background-media":"","overlay-type":"","overlay-color":"","overlay-gradient":""}},"footnotes":""},"categories":[1],"tags":[],"class_list":["post-223767","post","type-post","status-publish","format-standard","hentry","category-atentos"],"_links":{"self":[{"href":"http:\/\/unadeca.ac.cr\/teologia\/wp-json\/wp\/v2\/posts\/223767","targetHints":{"allow":["GET"]}}],"collection":[{"href":"http:\/\/unadeca.ac.cr\/teologia\/wp-json\/wp\/v2\/posts"}],"about":[{"href":"http:\/\/unadeca.ac.cr\/teologia\/wp-json\/wp\/v2\/types\/post"}],"author":[{"embeddable":true,"href":"http:\/\/unadeca.ac.cr\/teologia\/wp-json\/wp\/v2\/users\/1"}],"replies":[{"embeddable":true,"href":"http:\/\/unadeca.ac.cr\/teologia\/wp-json\/wp\/v2\/comments?post=223767"}],"version-history":[{"count":1,"href":"http:\/\/unadeca.ac.cr\/teologia\/wp-json\/wp\/v2\/posts\/223767\/revisions"}],"predecessor-version":[{"id":223768,"href":"http:\/\/unadeca.ac.cr\/teologia\/wp-json\/wp\/v2\/posts\/223767\/revisions\/223768"}],"wp:attachment":[{"href":"http:\/\/unadeca.ac.cr\/teologia\/wp-json\/wp\/v2\/media?parent=223767"}],"wp:term":[{"taxonomy":"category","embeddable":true,"href":"http:\/\/unadeca.ac.cr\/teologia\/wp-json\/wp\/v2\/categories?post=223767"},{"taxonomy":"post_tag","embeddable":true,"href":"http:\/\/unadeca.ac.cr\/teologia\/wp-json\/wp\/v2\/tags?post=223767"}],"curies":[{"name":"wp","href":"https:\/\/api.w.org\/{rel}","templated":true}]}}