{"id":224087,"date":"2022-01-30T00:00:00","date_gmt":"2022-01-30T00:00:00","guid":{"rendered":"https:\/\/unadeca.ac.cr\/teologia\/?p=224087"},"modified":"2022-01-26T00:28:47","modified_gmt":"2022-01-26T00:28:47","slug":"genesis-17-30-enero-2022","status":"publish","type":"post","link":"http:\/\/unadeca.ac.cr\/teologia\/2022\/01\/30\/genesis-17-30-enero-2022\/","title":{"rendered":"G\u00c9NESIS 17 &#8211; 30 ENERO 2022"},"content":{"rendered":"\n<h2 class=\"has-text-align-center wp-block-heading\" id=\"cultivar-las-dos-cualidades-que-dios-exigio-a-abrahan\">CULTIVAR LAS DOS CUALIDADES QUE DIOS EXIGI\u00d3 A ABRAH\u00c1N<\/h2>\n\n\n\n<hr class=\"wp-block-separator\"\/>\n\n\n\n<div class=\"wp-block-columns is-layout-flex wp-container-core-columns-is-layout-28f84493 wp-block-columns-is-layout-flex\">\n<div class=\"wp-block-column is-vertically-aligned-center is-layout-flow wp-block-column-is-layout-flow\" style=\"flex-basis:33.33%\">\n<h3 class=\"has-text-align-center wp-block-heading\" id=\"versiculo-para-memorizar\">VERS\u00cdCULO PARA MEMORIZAR<\/h3>\n<\/div>\n\n\n\n<div class=\"wp-block-column is-layout-flow wp-block-column-is-layout-flow\" style=\"flex-basis:66.66%\">\n<p>\u201cEra Abram de edad de noventa y nueve a\u00f1os, cuando le apareci\u00f3 Jehov\u00e1 y le dijo: Yo soy el Dios Todopoderoso; anda delante de m\u00ed y s\u00e9 perfecto.\u201d (Ver. 1).<\/p>\n<\/div>\n<\/div>\n\n\n\n<hr class=\"wp-block-separator\"\/>\n\n\n\n<h3 class=\"has-text-align-center wp-block-heading\" id=\"comentario-historico-capitulo-17-de-genesis\">COMENTARIO HIST\u00d3RICO \u2013 CAP\u00cdTULO 17 DE G\u00c9NESIS<\/h3>\n\n\n\n<p>Abrah\u00e1n ten\u00eda 75 a\u00f1os cuando sali\u00f3 de Har\u00e1n. En este nuevo episodio b\u00edblico, ya ten\u00eda 99 a\u00f1os. Por lo tanto, hab\u00edan transcurrido 24 a\u00f1os de espera para que se cumpliera la promesa de un heredero. Dios le ratifica que tendr\u00eda una familia innumerable, pero no\u00a0 ser\u00eda de Ismael, sino que tendr\u00eda un hijo con su esposa Sara\u00ed. <\/p>\n\n\n\n<p>Se hace un renovaci\u00f3n del pacto con las siguientes caracter\u00edsticas: 1) Dios demanda de Abrah\u00e1n que tenga una conducta diferente y que cultive una vida perfecta; 2)\u00a0 Cambio de nombre de Abram, que significa \u201cpadre enaltecido\u201d a Abrah\u00e1n, que simboliza: \u201cpadre de muchedumbre\u201d; 3) Establecimiento de la circuncisi\u00f3n, se deb\u00eda cortar el prepucio de todo var\u00f3n a los ocho d\u00edas de nacido, como se\u00f1al que pertenec\u00eda al pueblo del pacto; 4) Dios menciona que Sarai ser\u00eda la madre del hijo de la promesa, y que llevar\u00eda el nombre de Isaac; 5) Se le cambia el nombre de Sarai que significa: soberana, a Sara, que significa se\u00f1ora, para denotar que ser\u00eda madre de multitudes. <\/p>\n\n\n\n<p>Dios le exigi\u00f3 dos cualidades que deb\u00eda cultivar Abrah\u00e1n: <\/p>\n\n\n\n<p><strong>ANDA DELANTE DE M\u00cd.- <\/strong>Por las medias mentiras, y por involucrarse con Agar, Abrah\u00e1n no hab\u00eda vivido en integridad como la hab\u00eda hecho Enoc. <\/p>\n\n\n\n<p><strong>S\u00c9 PERFECTO.- <\/strong>Siendo que Abrah\u00e1n fue llamado a ser padre de multitudes, se le requiri\u00f3, pureza, santidad y perfecci\u00f3n.<\/p>\n\n\n\n<h3 class=\"has-text-align-center wp-block-heading\" id=\"cita-selecta-patriarcas-y-profetas-pag-121\">CITA SELECTA\u00a0 &#8211; PATRIARCAS Y PROFETAS, p\u00e1g. 121<\/h3>\n\n\n\n<p>\u201cPreg\u00fantese cada uno de aquellos a quienes han sido confiados cometidos sagrados: \u2018\u00bfQu\u00e9 ve en m\u00ed el ojo escrutador de Dios? \u00bfEst\u00e1 mi coraz\u00f3n limpio de contaminaci\u00f3n, o han llegado a estar tan profanos los atrios de su templo, tan ocupados por compradores y vendedores, que Cristo no halla cabida? \u201cAunque profesen la verdad, si los hombres pasan d\u00eda tras d\u00eda sin relaci\u00f3n viva con Dios, ser\u00e1n inducidos a hacer cosas extra\u00f1as; tomar\u00e1n decisiones que no concordar\u00e1n con la voluntad de Dios. No hay seguridad para nuestros hermanos dirigentes mientras avancen seg\u00fan sus propios impulsos. No estar\u00e1n unidos con Cristo, y no obrar\u00e1n en armon\u00eda con \u00e9l. No podr\u00e1n ver ni comprender las necesidades de la causa, y Satan\u00e1s los inducir\u00e1 a asumir actitudes que estorbar\u00e1n y molestar\u00e1n\u201d.<\/p>\n\n\n\n<h3 class=\"has-text-align-center wp-block-heading\" id=\"oracion\">ORACI\u00d3N<\/h3>\n\n\n\n<p>DIOS DE AMOR. RECONOCEMOS QUE AL IGUAL QUE ABRAH\u00c1N, NO HEMOS ESTADO CAMINANDO DE ACUERDO CON TUS PROP\u00d3SITOS. TE SUPLICAMOS QUE NOS AYUDES A TENER CONDUCTAS QUE EXALTEN TU NOMBRE, Y QUE TRANSITEMOS POR LAS SENDAS DE LA PERFECCI\u00d3N. POR JES\u00daS, AM\u00c9N.\u00a0<\/p>\n\n\n\n<iframe width=\"100%\" height=\"166\" scrolling=\"no\" frameborder=\"no\" allow=\"autoplay\" src=\"https:\/\/w.soundcloud.com\/player\/?url=https%3A\/\/api.soundcloud.com\/tracks\/1201908235&#038;color=%23ff5500&#038;auto_play=true&#038;hide_related=false&#038;show_comments=false&#038;show_user=true&#038;show_reposts=false&#038;show_teaser=true\"><\/iframe><div style=\"font-size: 10px; color: #cccccc;line-break: anywhere;word-break: normal;overflow: hidden;white-space: nowrap;text-overflow: ellipsis; font-family: Interstate,Lucida Grande,Lucida Sans Unicode,Lucida Sans,Garuda,Verdana,Tahoma,sans-serif;font-weight: 100;\"><a href=\"https:\/\/soundcloud.com\/centro-white-unadeca-1\" title=\"Escuela de Teolog\u00eda, UNADECA\" target=\"_blank\" style=\"color: #cccccc; text-decoration: none;\" rel=\"noopener\">Escuela de Teolog\u00eda, UNADECA<\/a> \u00b7 <a href=\"https:\/\/soundcloud.com\/centro-white-unadeca-1\/20220130-genesis17\" title=\"20220130 Genesis17\" target=\"_blank\" style=\"color: #cccccc; text-decoration: none;\" rel=\"noopener\">20220130 Genesis17<\/a><\/div>\n","protected":false},"excerpt":{"rendered":"<p>CULTIVAR LAS DOS CUALIDADES QUE DIOS EXIGI\u00d3 A ABRAH\u00c1N VERS\u00cdCULO PARA MEMORIZAR \u201cEra Abram de edad de noventa y nueve a\u00f1os, cuando le apareci\u00f3 Jehov\u00e1 y le dijo: Yo soy el Dios Todopoderoso; anda delante de m\u00ed y s\u00e9 perfecto.\u201d (Ver. 1). COMENTARIO HIST\u00d3RICO \u2013 CAP\u00cdTULO 17 DE G\u00c9NESIS Abrah\u00e1n ten\u00eda 75 a\u00f1os cuando sali\u00f3 [&hellip;]<\/p>\n","protected":false},"author":1,"featured_media":0,"comment_status":"open","ping_status":"open","sticky":false,"template":"","format":"standard","meta":{"_eb_attr":"","site-sidebar-layout":"default","site-content-layout":"","ast-site-content-layout":"","site-content-style":"default","site-sidebar-style":"default","ast-global-header-display":"","ast-banner-title-visibility":"","ast-main-header-display":"","ast-hfb-above-header-display":"","ast-hfb-below-header-display":"","ast-hfb-mobile-header-display":"","site-post-title":"","ast-breadcrumbs-content":"","ast-featured-img":"","footer-sml-layout":"","theme-transparent-header-meta":"","adv-header-id-meta":"","stick-header-meta":"","header-above-stick-meta":"","header-main-stick-meta":"","header-below-stick-meta":"","astra-migrate-meta-layouts":"default","ast-page-background-enabled":"default","ast-page-background-meta":{"desktop":{"background-color":"var(--ast-global-color-4)","background-image":"","background-repeat":"repeat","background-position":"center center","background-size":"auto","background-attachment":"scroll","background-type":"","background-media":"","overlay-type":"","overlay-color":"","overlay-gradient":""},"tablet":{"background-color":"","background-image":"","background-repeat":"repeat","background-position":"center center","background-size":"auto","background-attachment":"scroll","background-type":"","background-media":"","overlay-type":"","overlay-color":"","overlay-gradient":""},"mobile":{"background-color":"","background-image":"","background-repeat":"repeat","background-position":"center center","background-size":"auto","background-attachment":"scroll","background-type":"","background-media":"","overlay-type":"","overlay-color":"","overlay-gradient":""}},"ast-content-background-meta":{"desktop":{"background-color":"var(--ast-global-color-5)","background-image":"","background-repeat":"repeat","background-position":"center center","background-size":"auto","background-attachment":"scroll","background-type":"","background-media":"","overlay-type":"","overlay-color":"","overlay-gradient":""},"tablet":{"background-color":"var(--ast-global-color-5)","background-image":"","background-repeat":"repeat","background-position":"center center","background-size":"auto","background-attachment":"scroll","background-type":"","background-media":"","overlay-type":"","overlay-color":"","overlay-gradient":""},"mobile":{"background-color":"var(--ast-global-color-5)","background-image":"","background-repeat":"repeat","background-position":"center center","background-size":"auto","background-attachment":"scroll","background-type":"","background-media":"","overlay-type":"","overlay-color":"","overlay-gradient":""}},"footnotes":""},"categories":[1],"tags":[],"class_list":["post-224087","post","type-post","status-publish","format-standard","hentry","category-atentos"],"_links":{"self":[{"href":"http:\/\/unadeca.ac.cr\/teologia\/wp-json\/wp\/v2\/posts\/224087","targetHints":{"allow":["GET"]}}],"collection":[{"href":"http:\/\/unadeca.ac.cr\/teologia\/wp-json\/wp\/v2\/posts"}],"about":[{"href":"http:\/\/unadeca.ac.cr\/teologia\/wp-json\/wp\/v2\/types\/post"}],"author":[{"embeddable":true,"href":"http:\/\/unadeca.ac.cr\/teologia\/wp-json\/wp\/v2\/users\/1"}],"replies":[{"embeddable":true,"href":"http:\/\/unadeca.ac.cr\/teologia\/wp-json\/wp\/v2\/comments?post=224087"}],"version-history":[{"count":1,"href":"http:\/\/unadeca.ac.cr\/teologia\/wp-json\/wp\/v2\/posts\/224087\/revisions"}],"predecessor-version":[{"id":224088,"href":"http:\/\/unadeca.ac.cr\/teologia\/wp-json\/wp\/v2\/posts\/224087\/revisions\/224088"}],"wp:attachment":[{"href":"http:\/\/unadeca.ac.cr\/teologia\/wp-json\/wp\/v2\/media?parent=224087"}],"wp:term":[{"taxonomy":"category","embeddable":true,"href":"http:\/\/unadeca.ac.cr\/teologia\/wp-json\/wp\/v2\/categories?post=224087"},{"taxonomy":"post_tag","embeddable":true,"href":"http:\/\/unadeca.ac.cr\/teologia\/wp-json\/wp\/v2\/tags?post=224087"}],"curies":[{"name":"wp","href":"https:\/\/api.w.org\/{rel}","templated":true}]}}