{"id":224122,"date":"2022-02-09T00:00:00","date_gmt":"2022-02-09T00:00:00","guid":{"rendered":"https:\/\/unadeca.ac.cr\/teologia\/?p=224122"},"modified":"2022-02-06T00:56:39","modified_gmt":"2022-02-06T00:56:39","slug":"genesis-27-9-febrero-2022","status":"publish","type":"post","link":"http:\/\/unadeca.ac.cr\/teologia\/2022\/02\/09\/genesis-27-9-febrero-2022\/","title":{"rendered":"G\u00c9NESIS 27 &#8211; 9 FEBRERO 2022"},"content":{"rendered":"\n<h2 class=\"has-text-align-center wp-block-heading\" id=\"aprendamos-las-tristes-consecuencias-de-practicar-el-engano\">APRENDAMOS LAS TRISTES CONSECUENCIAS DE PRACTICAR EL ENGA\u00d1O<\/h2>\n\n\n\n<hr class=\"wp-block-separator\"\/>\n\n\n\n<div class=\"wp-block-columns is-layout-flex wp-container-core-columns-is-layout-28f84493 wp-block-columns-is-layout-flex\">\n<div class=\"wp-block-column is-vertically-aligned-center is-layout-flow wp-block-column-is-layout-flow\" style=\"flex-basis:33.33%\">\n<h3 class=\"has-text-align-center wp-block-heading\" id=\"versiculo-para-memorizar\">VERS\u00cdCULO PARA MEMORIZAR<\/h3>\n<\/div>\n\n\n\n<div class=\"wp-block-column is-layout-flow wp-block-column-is-layout-flow\" style=\"flex-basis:66.66%\">\n<p class=\"has-text-align-center\">\u201cY aborreci\u00f3 Esa\u00fa a Jacob por la bendici\u00f3n con que su padre le hab\u00eda bendecido, y dijo en su coraz\u00f3n: Llegar\u00e1n los d\u00edas del luto de mi padre, y yo matar\u00e9 a mi hermano Jacob\u201d (Ver. 41).<\/p>\n<\/div>\n<\/div>\n\n\n\n<hr class=\"wp-block-separator\"\/>\n\n\n\n<h3 class=\"has-text-align-center wp-block-heading\" id=\"comentario-historico-capitulo-27-de-genesis\">COMENTARIO HIST\u00d3RICO \u2013 CAP\u00cdTULO 27 DE G\u00c9NESIS<\/h3>\n\n\n\n<p>Recordemos que Esa\u00fa hab\u00eda menospreciado la primogenitura y se la hab\u00eda vendido a Jacob por un plato de lentejas. Adem\u00e1s, Esa\u00fa se hab\u00eda casado con dos mujeres cananeas. A pesar de estos errores, Isaac por su preferencia hacia Esa\u00fa, decidi\u00f3 darle la bendici\u00f3n de la primogenitura. Rebeca por tener preferencia hacia Jacob, se anticip\u00f3 al cumplimiento de la profec\u00eda que ella recibiera durante su embarazo, en el sentido de que el mayor servir\u00eda al menor.&nbsp; Razon\u00f3 que su esposo no estaba respetando la adquisici\u00f3n legal de primogenitura por parte de Jacob, motivo por el cual convenci\u00f3 a su hijo Jacob de conseguir la bendici\u00f3n de la primogenitura suplantando a su hermano Esa\u00fa.<\/p>\n\n\n\n<p>Recordemos lo siguiente: <\/p>\n\n\n\n<ol class=\"wp-block-list\"><li><strong>EL ENGA\u00d1O ROMPE LA UNIDAD<\/strong>.- Jacob ten\u00eda el temor de ser descubierto mientras suplantaba a su hermano. Adem\u00e1s, Isaac se estremeci\u00f3 y qued\u00f3 confundido por la magnitud del enga\u00f1o. <\/li><li><strong>EL ENGA\u00d1O PRODUJO SENTIMIENTO DE VENGANZA<\/strong>.- Esa\u00fa planific\u00f3 y advirti\u00f3 que el d\u00eda que muriera su padre \u00e9l asesinar\u00eda a Jacob. <\/li><li><strong>EL ENGA\u00d1O SEPAR\u00d3 A LA MADRE Y AL HIJO<\/strong>. Rebeca se arrepinti\u00f3 de haber dado un consejo equivocado ya que tuvo que separarse de su hijo y nunca m\u00e1s lo vio.<\/li><\/ol>\n\n\n\n<h3 class=\"has-text-align-center wp-block-heading\" id=\"cita-selecta-patriarcas-y-profetas-pag-160\">CITA SELECTA&nbsp; &#8211; PATRIARCAS Y PROFETAS, p\u00e1g. 160.<\/h3>\n\n\n\n<p>\u201cJacob y Rebeca triunfaron en su prop\u00f3sito, pero por su enga\u00f1o se granjearon tristeza y aflicci\u00f3n.&nbsp;Dios hab\u00eda declarado que Jacob recibir\u00eda la primogenitura y se hubieran esperado, Dios obrar\u00eda en su favor, y la promesa se cumplir\u00eda a su debido tiempo.&nbsp;Sin embargo, no quisieron dejar el asunto en las manos del Se\u00f1or.&nbsp;Rebeca se arrepinti\u00f3 amargamente del mal consejo que hab\u00eda dado a su hijo;&nbsp;porque fue la causa de quedar separado de \u00e9l y nunca m\u00e1s volviera a ver su rostro.&nbsp;Desde la hora en que recibi\u00f3 la primogenitura, Jacob qued\u00f3 agobiado por condenaci\u00f3n propia.&nbsp;Hab\u00eda pecado contra su padre, contra su hermano, contra su propia alma y contra Dios.&nbsp;En solo una hora se hab\u00eda acarreado una larga vida de arrepentimiento.&nbsp;Esta escena estuvo siempre presente ante \u00e9l en sus a\u00f1os posteriores\u201d.<\/p>\n\n\n\n<h3 class=\"has-text-align-center wp-block-heading\" id=\"oracion\">ORACI\u00d3N<\/h3>\n\n\n\n<p>PADRE NUESTRO, TE PEDIMOS PERD\u00d3N POR HABER PRACTICADO EL ENGA\u00d1O PARA OBTENER BENEFICIOS PERSONALES. QUE PODAMOS ACTUAR COMO ZAQUEO Y DEVOLVER LO QUE HEMOS CONSEGUIDO CON MENTIRAS Y RESTITUIR LO QUE HEMOS ROBADO, POR JES\u00daS, AM\u00c9N.<\/p>\n\n\n\n<iframe width=\"100%\" height=\"166\" scrolling=\"no\" frameborder=\"no\" allow=\"autoplay\" src=\"https:\/\/w.soundcloud.com\/player\/?url=https%3A\/\/api.soundcloud.com\/tracks\/1210528786&#038;color=%23ff5500&#038;auto_play=true&#038;hide_related=false&#038;show_comments=false&#038;show_user=true&#038;show_reposts=false&#038;show_teaser=true\"><\/iframe><div style=\"font-size: 10px; color: #cccccc;line-break: anywhere;word-break: normal;overflow: hidden;white-space: nowrap;text-overflow: ellipsis; font-family: Interstate,Lucida Grande,Lucida Sans Unicode,Lucida Sans,Garuda,Verdana,Tahoma,sans-serif;font-weight: 100;\"><a href=\"https:\/\/soundcloud.com\/centro-white-unadeca-1\" title=\"Escuela de Teolog\u00eda, UNADECA\" target=\"_blank\" style=\"color: #cccccc; text-decoration: none;\" rel=\"noopener\">Escuela de Teolog\u00eda, UNADECA<\/a> \u00b7 <a href=\"https:\/\/soundcloud.com\/centro-white-unadeca-1\/20220209-genesis27\" title=\"20220209 Genesis27\" target=\"_blank\" style=\"color: #cccccc; text-decoration: none;\" rel=\"noopener\">20220209 Genesis27<\/a><\/div>\n","protected":false},"excerpt":{"rendered":"<p>APRENDAMOS LAS TRISTES CONSECUENCIAS DE PRACTICAR EL ENGA\u00d1O VERS\u00cdCULO PARA MEMORIZAR \u201cY aborreci\u00f3 Esa\u00fa a Jacob por la bendici\u00f3n con que su padre le hab\u00eda bendecido, y dijo en su coraz\u00f3n: Llegar\u00e1n los d\u00edas del luto de mi padre, y yo matar\u00e9 a mi hermano Jacob\u201d (Ver. 41). COMENTARIO HIST\u00d3RICO \u2013 CAP\u00cdTULO 27 DE G\u00c9NESIS [&hellip;]<\/p>\n","protected":false},"author":1,"featured_media":0,"comment_status":"open","ping_status":"open","sticky":false,"template":"","format":"standard","meta":{"_eb_attr":"","site-sidebar-layout":"default","site-content-layout":"","ast-site-content-layout":"","site-content-style":"default","site-sidebar-style":"default","ast-global-header-display":"","ast-banner-title-visibility":"","ast-main-header-display":"","ast-hfb-above-header-display":"","ast-hfb-below-header-display":"","ast-hfb-mobile-header-display":"","site-post-title":"","ast-breadcrumbs-content":"","ast-featured-img":"","footer-sml-layout":"","theme-transparent-header-meta":"","adv-header-id-meta":"","stick-header-meta":"","header-above-stick-meta":"","header-main-stick-meta":"","header-below-stick-meta":"","astra-migrate-meta-layouts":"default","ast-page-background-enabled":"default","ast-page-background-meta":{"desktop":{"background-color":"var(--ast-global-color-4)","background-image":"","background-repeat":"repeat","background-position":"center center","background-size":"auto","background-attachment":"scroll","background-type":"","background-media":"","overlay-type":"","overlay-color":"","overlay-gradient":""},"tablet":{"background-color":"","background-image":"","background-repeat":"repeat","background-position":"center center","background-size":"auto","background-attachment":"scroll","background-type":"","background-media":"","overlay-type":"","overlay-color":"","overlay-gradient":""},"mobile":{"background-color":"","background-image":"","background-repeat":"repeat","background-position":"center center","background-size":"auto","background-attachment":"scroll","background-type":"","background-media":"","overlay-type":"","overlay-color":"","overlay-gradient":""}},"ast-content-background-meta":{"desktop":{"background-color":"var(--ast-global-color-5)","background-image":"","background-repeat":"repeat","background-position":"center center","background-size":"auto","background-attachment":"scroll","background-type":"","background-media":"","overlay-type":"","overlay-color":"","overlay-gradient":""},"tablet":{"background-color":"var(--ast-global-color-5)","background-image":"","background-repeat":"repeat","background-position":"center center","background-size":"auto","background-attachment":"scroll","background-type":"","background-media":"","overlay-type":"","overlay-color":"","overlay-gradient":""},"mobile":{"background-color":"var(--ast-global-color-5)","background-image":"","background-repeat":"repeat","background-position":"center center","background-size":"auto","background-attachment":"scroll","background-type":"","background-media":"","overlay-type":"","overlay-color":"","overlay-gradient":""}},"footnotes":""},"categories":[1],"tags":[],"class_list":["post-224122","post","type-post","status-publish","format-standard","hentry","category-atentos"],"_links":{"self":[{"href":"http:\/\/unadeca.ac.cr\/teologia\/wp-json\/wp\/v2\/posts\/224122","targetHints":{"allow":["GET"]}}],"collection":[{"href":"http:\/\/unadeca.ac.cr\/teologia\/wp-json\/wp\/v2\/posts"}],"about":[{"href":"http:\/\/unadeca.ac.cr\/teologia\/wp-json\/wp\/v2\/types\/post"}],"author":[{"embeddable":true,"href":"http:\/\/unadeca.ac.cr\/teologia\/wp-json\/wp\/v2\/users\/1"}],"replies":[{"embeddable":true,"href":"http:\/\/unadeca.ac.cr\/teologia\/wp-json\/wp\/v2\/comments?post=224122"}],"version-history":[{"count":2,"href":"http:\/\/unadeca.ac.cr\/teologia\/wp-json\/wp\/v2\/posts\/224122\/revisions"}],"predecessor-version":[{"id":224126,"href":"http:\/\/unadeca.ac.cr\/teologia\/wp-json\/wp\/v2\/posts\/224122\/revisions\/224126"}],"wp:attachment":[{"href":"http:\/\/unadeca.ac.cr\/teologia\/wp-json\/wp\/v2\/media?parent=224122"}],"wp:term":[{"taxonomy":"category","embeddable":true,"href":"http:\/\/unadeca.ac.cr\/teologia\/wp-json\/wp\/v2\/categories?post=224122"},{"taxonomy":"post_tag","embeddable":true,"href":"http:\/\/unadeca.ac.cr\/teologia\/wp-json\/wp\/v2\/tags?post=224122"}],"curies":[{"name":"wp","href":"https:\/\/api.w.org\/{rel}","templated":true}]}}