{"id":224283,"date":"2022-03-04T00:00:00","date_gmt":"2022-03-04T00:00:00","guid":{"rendered":"https:\/\/unadeca.ac.cr\/teologia\/?p=224283"},"modified":"2022-02-27T04:00:09","modified_gmt":"2022-02-27T04:00:09","slug":"genesis-50-4-marzo-2022","status":"publish","type":"post","link":"http:\/\/unadeca.ac.cr\/teologia\/2022\/03\/04\/genesis-50-4-marzo-2022\/","title":{"rendered":"G\u00c9NESIS 50 &#8211; 4 MARZO 2022"},"content":{"rendered":"\t\t<div data-elementor-type=\"wp-post\" data-elementor-id=\"224283\" class=\"elementor elementor-224283\">\n\t\t\t\t\t\t<section class=\"elementor-section elementor-top-section elementor-element elementor-element-24e01ff6 elementor-section-boxed elementor-section-height-default elementor-section-height-default\" data-id=\"24e01ff6\" data-element_type=\"section\">\n\t\t\t\t\t\t<div class=\"elementor-container elementor-column-gap-default\">\n\t\t\t\t\t<div class=\"elementor-column elementor-col-100 elementor-top-column elementor-element elementor-element-538b80ff\" data-id=\"538b80ff\" data-element_type=\"column\">\n\t\t\t<div class=\"elementor-widget-wrap elementor-element-populated\">\n\t\t\t\t\t\t<div class=\"elementor-element elementor-element-63766546 elementor-widget elementor-widget-heading\" data-id=\"63766546\" data-element_type=\"widget\" data-widget_type=\"heading.default\">\n\t\t\t\t<div class=\"elementor-widget-container\">\n\t\t\t<h2 class=\"elementor-heading-title elementor-size-default\">LO QUE SIEMBRA SE COSECHA\n<\/h2>\t\t<\/div>\n\t\t\t\t<\/div>\n\t\t\t\t\t<\/div>\n\t\t<\/div>\n\t\t\t\t\t<\/div>\n\t\t<\/section>\n\t\t\t\t<section class=\"elementor-section elementor-top-section elementor-element elementor-element-25c2b0db elementor-section-boxed elementor-section-height-default elementor-section-height-default\" data-id=\"25c2b0db\" data-element_type=\"section\">\n\t\t\t\t\t\t<div class=\"elementor-container elementor-column-gap-default\">\n\t\t\t\t\t<div class=\"elementor-column elementor-col-100 elementor-top-column elementor-element elementor-element-6592f7fb\" data-id=\"6592f7fb\" data-element_type=\"column\">\n\t\t\t<div class=\"elementor-widget-wrap elementor-element-populated\">\n\t\t\t\t\t\t<div class=\"elementor-element elementor-element-7e7a611b elementor-widget-divider--view-line elementor-widget elementor-widget-divider\" data-id=\"7e7a611b\" data-element_type=\"widget\" data-widget_type=\"divider.default\">\n\t\t\t\t<div class=\"elementor-widget-container\">\n\t\t\t\t\t<div class=\"elementor-divider\">\n\t\t\t<span class=\"elementor-divider-separator\">\n\t\t\t\t\t\t<\/span>\n\t\t<\/div>\n\t\t\t\t<\/div>\n\t\t\t\t<\/div>\n\t\t\t\t\t<\/div>\n\t\t<\/div>\n\t\t\t\t\t<\/div>\n\t\t<\/section>\n\t\t\t\t<section class=\"elementor-section elementor-top-section elementor-element elementor-element-5dba2a89 elementor-section-boxed elementor-section-height-default elementor-section-height-default\" data-id=\"5dba2a89\" data-element_type=\"section\">\n\t\t\t\t\t\t<div class=\"elementor-container elementor-column-gap-default\">\n\t\t\t\t\t<div class=\"elementor-column elementor-col-33 elementor-top-column elementor-element elementor-element-2b8e7270\" data-id=\"2b8e7270\" data-element_type=\"column\">\n\t\t\t<div class=\"elementor-widget-wrap elementor-element-populated\">\n\t\t\t\t\t\t<div class=\"elementor-element elementor-element-5f21faf elementor-widget elementor-widget-heading\" data-id=\"5f21faf\" data-element_type=\"widget\" data-widget_type=\"heading.default\">\n\t\t\t\t<div class=\"elementor-widget-container\">\n\t\t\t<h3 class=\"elementor-heading-title elementor-size-default\">VERS\u00cdCULO PARA MEMORIZAR<\/h3>\t\t<\/div>\n\t\t\t\t<\/div>\n\t\t\t\t\t<\/div>\n\t\t<\/div>\n\t\t\t\t<div class=\"elementor-column elementor-col-66 elementor-top-column elementor-element elementor-element-7214e75f\" data-id=\"7214e75f\" data-element_type=\"column\">\n\t\t\t<div class=\"elementor-widget-wrap elementor-element-populated\">\n\t\t\t\t\t\t<div class=\"elementor-element elementor-element-4907fcd0 elementor-widget elementor-widget-text-editor\" data-id=\"4907fcd0\" data-element_type=\"widget\" data-widget_type=\"text-editor.default\">\n\t\t\t\t<div class=\"elementor-widget-container\">\n\t\t\t\t\t\t\t<p style=\"text-align: center;\">\u201cNo tengan miedo, les contest\u00f3 Jos\u00e9. \u00bfPuedo acaso tomar el lugar de Dios? Es verdad que ustedes pensaron hacerme mal, pero Dios transform\u00f3 ese mal en bien para lograr lo que hoy estamos viendo: salvar la vida de mucha gente.\u201d (Vers. 19, 20).<\/p>\t\t\t\t\t\t<\/div>\n\t\t\t\t<\/div>\n\t\t\t\t\t<\/div>\n\t\t<\/div>\n\t\t\t\t\t<\/div>\n\t\t<\/section>\n\t\t\t\t<section class=\"elementor-section elementor-top-section elementor-element elementor-element-1bdc4c89 elementor-section-boxed elementor-section-height-default elementor-section-height-default\" data-id=\"1bdc4c89\" data-element_type=\"section\">\n\t\t\t\t\t\t<div class=\"elementor-container elementor-column-gap-default\">\n\t\t\t\t\t<div class=\"elementor-column elementor-col-100 elementor-top-column elementor-element elementor-element-496b0065\" data-id=\"496b0065\" data-element_type=\"column\">\n\t\t\t<div class=\"elementor-widget-wrap elementor-element-populated\">\n\t\t\t\t\t\t<div class=\"elementor-element elementor-element-6fa58180 elementor-widget-divider--view-line elementor-widget elementor-widget-divider\" data-id=\"6fa58180\" data-element_type=\"widget\" data-widget_type=\"divider.default\">\n\t\t\t\t<div class=\"elementor-widget-container\">\n\t\t\t\t\t<div class=\"elementor-divider\">\n\t\t\t<span class=\"elementor-divider-separator\">\n\t\t\t\t\t\t<\/span>\n\t\t<\/div>\n\t\t\t\t<\/div>\n\t\t\t\t<\/div>\n\t\t\t\t\t<\/div>\n\t\t<\/div>\n\t\t\t\t\t<\/div>\n\t\t<\/section>\n\t\t\t\t<section class=\"elementor-section elementor-top-section elementor-element elementor-element-240c5476 elementor-section-boxed elementor-section-height-default elementor-section-height-default\" data-id=\"240c5476\" data-element_type=\"section\">\n\t\t\t\t\t\t<div class=\"elementor-container elementor-column-gap-default\">\n\t\t\t\t\t<div class=\"elementor-column elementor-col-100 elementor-top-column elementor-element elementor-element-479bd1ff\" data-id=\"479bd1ff\" data-element_type=\"column\">\n\t\t\t<div class=\"elementor-widget-wrap elementor-element-populated\">\n\t\t\t\t\t\t<div class=\"elementor-element elementor-element-5fd22e6c elementor-widget elementor-widget-heading\" data-id=\"5fd22e6c\" data-element_type=\"widget\" data-widget_type=\"heading.default\">\n\t\t\t\t<div class=\"elementor-widget-container\">\n\t\t\t<h3 class=\"elementor-heading-title elementor-size-default\">COMENTARIO HIST\u00d3RICO - CAP\u00cdTULO 20 DE G\u00c9NESIS<\/h3>\t\t<\/div>\n\t\t\t\t<\/div>\n\t\t\t\t\t<\/div>\n\t\t<\/div>\n\t\t\t\t\t<\/div>\n\t\t<\/section>\n\t\t\t\t<section class=\"elementor-section elementor-top-section elementor-element elementor-element-70dc9b59 elementor-section-boxed elementor-section-height-default elementor-section-height-default\" data-id=\"70dc9b59\" data-element_type=\"section\">\n\t\t\t\t\t\t<div class=\"elementor-container elementor-column-gap-default\">\n\t\t\t\t\t<div class=\"elementor-column elementor-col-100 elementor-top-column elementor-element elementor-element-74c6836e\" data-id=\"74c6836e\" data-element_type=\"column\">\n\t\t\t<div class=\"elementor-widget-wrap elementor-element-populated\">\n\t\t\t\t\t\t<div class=\"elementor-element elementor-element-21a33c97 elementor-widget elementor-widget-text-editor\" data-id=\"21a33c97\" data-element_type=\"widget\" data-widget_type=\"text-editor.default\">\n\t\t\t\t<div class=\"elementor-widget-container\">\n\t\t\t\t\t\t\t<p>Cuando muri\u00f3 Jacob, Jos\u00e9 hizo que embalsamaran a su padre. El proceso de embalsamar consist\u00eda en sacar los intestinos, excepto los ri\u00f1ones y el coraz\u00f3n. Luego, introduc\u00edan una gran cantidad de sustancias resinosas mezclado con carbono y nitrato. Terminado ese proceso cubr\u00edan todo el cuerpo con una disoluci\u00f3n de natr\u00f3n y envolv\u00eda todo el cuerpo con vendajes de lino.\u00a0 Este proceso duraba 30 d\u00edas. Cuando toda la comitiva retorn\u00f3 del sepelio, resurgieron los temores en los hermanos de Jos\u00e9 pues pensaron que este les guardaba rencor y que, a la muerte de su padre, se vengar\u00eda de ellos. Lo buscaron para pedirle perd\u00f3n y se ofrecieron ser esclavos.<\/p><p><b>JOS\u00c9 RECONOCI\u00d3 QUE DIOS ESTABA AL CONTROL DE SU VIDA Y LA NUESTRA. &#8211;\u00a0 <\/b>De manera personal les recuerda el acto perverso de venderlo, pero reconoci\u00f3 \u201cque los que aman a Dios, todas las cosas le ayudan para bien\u201d (Rom 8:28).<\/p><p><b>JOS\u00c9 ESTUVO DISPUESTO A PERDONAR. \u2013 <\/b>Jos\u00e9 les absuelve de su falta y les hace ver que Dios lo encamin\u00f3 y estuvo al control de todo.\u00a0 <b>DESAF\u00cdO<\/b>: \u00bfEstamos dispuestos a perdonar todas las calumnias, ofensas y maldades que se traman contra nosotros?<\/p><p>El \u00faltimo acto que se menciona de Jos\u00e9 es la confianza en las promesas divinas: \u201cE hizo jurar Jos\u00e9 a los hijos de Israel, diciendo: Dios ciertamente os visitar\u00e1, y har\u00e9is llevar de aqu\u00ed mis huesos\u201d.<\/p>\t\t\t\t\t\t<\/div>\n\t\t\t\t<\/div>\n\t\t\t\t\t<\/div>\n\t\t<\/div>\n\t\t\t\t\t<\/div>\n\t\t<\/section>\n\t\t\t\t<section class=\"elementor-section elementor-top-section elementor-element elementor-element-c3e9e12 elementor-section-boxed elementor-section-height-default elementor-section-height-default\" data-id=\"c3e9e12\" data-element_type=\"section\">\n\t\t\t\t\t\t<div class=\"elementor-container elementor-column-gap-default\">\n\t\t\t\t\t<div class=\"elementor-column elementor-col-100 elementor-top-column elementor-element elementor-element-5034ae00\" data-id=\"5034ae00\" data-element_type=\"column\">\n\t\t\t<div class=\"elementor-widget-wrap elementor-element-populated\">\n\t\t\t\t\t\t<div class=\"elementor-element elementor-element-68b2f99c elementor-widget elementor-widget-heading\" data-id=\"68b2f99c\" data-element_type=\"widget\" data-widget_type=\"heading.default\">\n\t\t\t\t<div class=\"elementor-widget-container\">\n\t\t\t<h3 class=\"elementor-heading-title elementor-size-default\">CITA SELECTA - PATRIARCAS Y PROFETAS, P\u00c1G. 216<\/h3>\t\t<\/div>\n\t\t\t\t<\/div>\n\t\t\t\t\t<\/div>\n\t\t<\/div>\n\t\t\t\t\t<\/div>\n\t\t<\/section>\n\t\t\t\t<section class=\"elementor-section elementor-top-section elementor-element elementor-element-47f74e2d elementor-section-boxed elementor-section-height-default elementor-section-height-default\" data-id=\"47f74e2d\" data-element_type=\"section\">\n\t\t\t\t\t\t<div class=\"elementor-container elementor-column-gap-default\">\n\t\t\t\t\t<div class=\"elementor-column elementor-col-100 elementor-top-column elementor-element elementor-element-388f12c0\" data-id=\"388f12c0\" data-element_type=\"column\">\n\t\t\t<div class=\"elementor-widget-wrap elementor-element-populated\">\n\t\t\t\t\t\t<div class=\"elementor-element elementor-element-3b62d6ac elementor-widget elementor-widget-text-editor\" data-id=\"3b62d6ac\" data-element_type=\"widget\" data-widget_type=\"text-editor.default\">\n\t\t\t\t<div class=\"elementor-widget-container\">\n\t\t\t\t\t\t\t<p>\u201cLa vida de Jos\u00e9 ilustra la vida de Cristo. Fue la envidia la que impuls\u00f3 a los hermanos de Jos\u00e9 a venderlo como esclavo. Esperaban impedir que llegara a ser superior a ellos\u2026 Pero su proceder fue contrarrestado por Dios y \u00e9l lo hizo servir para cumplir el mismo acontecimiento que trataban de impedir.\u2026 Mediante su servidumbre en Egipto, Jos\u00e9 se convirti\u00f3 en el salvador de la familia de su padre. No obstante, este hecho no aminor\u00f3 la culpa de sus hermanos. Asimismo la crucifixi\u00f3n de Cristo por sus enemigos lo hizo Redentor de la humanidad, Salvador de la raza\u00a0 perdida y soberano de todo el mundo; pero el crimen de sus asesinos fue tan execrable como si la mano providencial de Dios no hubiera dirigido los acontecimientos para su propia gloria y para bien de los hombres\u201d.<\/p>\t\t\t\t\t\t<\/div>\n\t\t\t\t<\/div>\n\t\t\t\t\t<\/div>\n\t\t<\/div>\n\t\t\t\t\t<\/div>\n\t\t<\/section>\n\t\t\t\t<section class=\"elementor-section elementor-top-section elementor-element elementor-element-e24c333 elementor-section-boxed elementor-section-height-default elementor-section-height-default\" data-id=\"e24c333\" data-element_type=\"section\">\n\t\t\t\t\t\t<div class=\"elementor-container elementor-column-gap-default\">\n\t\t\t\t\t<div class=\"elementor-column elementor-col-100 elementor-top-column elementor-element elementor-element-69b59ce7\" data-id=\"69b59ce7\" data-element_type=\"column\">\n\t\t\t<div class=\"elementor-widget-wrap elementor-element-populated\">\n\t\t\t\t\t\t<div class=\"elementor-element elementor-element-76bc561e elementor-widget elementor-widget-heading\" data-id=\"76bc561e\" data-element_type=\"widget\" data-widget_type=\"heading.default\">\n\t\t\t\t<div class=\"elementor-widget-container\">\n\t\t\t<h3 class=\"elementor-heading-title elementor-size-default\">ORACI\u00d3N<\/h3>\t\t<\/div>\n\t\t\t\t<\/div>\n\t\t\t\t\t<\/div>\n\t\t<\/div>\n\t\t\t\t\t<\/div>\n\t\t<\/section>\n\t\t\t\t<section class=\"elementor-section elementor-top-section elementor-element elementor-element-7f6399b7 elementor-section-boxed elementor-section-height-default elementor-section-height-default\" data-id=\"7f6399b7\" data-element_type=\"section\">\n\t\t\t\t\t\t<div class=\"elementor-container elementor-column-gap-default\">\n\t\t\t\t\t<div class=\"elementor-column elementor-col-100 elementor-top-column elementor-element elementor-element-10cde42c\" data-id=\"10cde42c\" data-element_type=\"column\">\n\t\t\t<div class=\"elementor-widget-wrap elementor-element-populated\">\n\t\t\t\t\t\t<div class=\"elementor-element elementor-element-306621b2 elementor-widget elementor-widget-text-editor\" data-id=\"306621b2\" data-element_type=\"widget\" data-widget_type=\"text-editor.default\">\n\t\t\t\t<div class=\"elementor-widget-container\">\n\t\t\t\t\t\t\t<p>PADRE ETERNO. AL CONCLUIR LA LECTURA DEL LIBRO DE G\u00c9NESIS, EXPRESAMOS NUESTRA GRATITUD POR HABER REVELADO LA HISTORIA DE LA HUMANIDAD DESDE SUS INICIOS. QUE CADA D\u00cdA PODAMOS RECONOCER QUE EST\u00c1S AL CONTROL DE MUNDO Y QUE PODAMOS PERDONAR. POR JES\u00daS, AM\u00c9N.\u00a0<\/p>\t\t\t\t\t\t<\/div>\n\t\t\t\t<\/div>\n\t\t\t\t\t<\/div>\n\t\t<\/div>\n\t\t\t\t\t<\/div>\n\t\t<\/section>\n\t\t\t\t<section class=\"elementor-section elementor-top-section elementor-element elementor-element-65183afd elementor-section-boxed elementor-section-height-default elementor-section-height-default\" data-id=\"65183afd\" data-element_type=\"section\">\n\t\t\t\t\t\t<div class=\"elementor-container elementor-column-gap-default\">\n\t\t\t\t\t<div class=\"elementor-column elementor-col-100 elementor-top-column elementor-element elementor-element-4e054aec\" data-id=\"4e054aec\" data-element_type=\"column\">\n\t\t\t<div class=\"elementor-widget-wrap elementor-element-populated\">\n\t\t\t\t\t\t<div class=\"elementor-element elementor-element-6b4e1815 elementor-widget elementor-widget-html\" data-id=\"6b4e1815\" data-element_type=\"widget\" data-widget_type=\"html.default\">\n\t\t\t\t<div class=\"elementor-widget-container\">\n\t\t\t<iframe width=\"100%\" height=\"166\" scrolling=\"no\" frameborder=\"no\" allow=\"autoplay\" src=\"https:\/\/w.soundcloud.com\/player\/?url=https%3A\/\/api.soundcloud.com\/tracks\/1223179102&color=%23ff5500&auto_play=true&hide_related=false&show_comments=false&show_user=true&show_reposts=false&show_teaser=true\"><\/iframe><div style=\"font-size: 10px; color: #cccccc;line-break: anywhere;word-break: normal;overflow: hidden;white-space: nowrap;text-overflow: ellipsis; font-family: Interstate,Lucida Grande,Lucida Sans Unicode,Lucida Sans,Garuda,Verdana,Tahoma,sans-serif;font-weight: 100;\"><a href=\"https:\/\/soundcloud.com\/centro-white-unadeca-1\" title=\"Escuela de Teolog\u00eda, UNADECA\" target=\"_blank\" style=\"color: #cccccc; text-decoration: none;\">Escuela de Teolog\u00eda, UNADECA<\/a> \u00b7 <a href=\"https:\/\/soundcloud.com\/centro-white-unadeca-1\/20220304-genesis50\" title=\"20220304 Genesis50\" target=\"_blank\" style=\"color: #cccccc; text-decoration: none;\">20220304 Genesis50<\/a><\/div>\t\t<\/div>\n\t\t\t\t<\/div>\n\t\t\t\t\t<\/div>\n\t\t<\/div>\n\t\t\t\t\t<\/div>\n\t\t<\/section>\n\t\t\t\t<\/div>\n\t\t","protected":false},"excerpt":{"rendered":"<p>LO QUE SIEMBRA SE COSECHA VERS\u00cdCULO PARA MEMORIZAR \u201cNo tengan miedo, les contest\u00f3 Jos\u00e9. \u00bfPuedo acaso tomar el lugar de Dios? Es verdad que ustedes pensaron hacerme mal, pero Dios transform\u00f3 ese mal en bien para lograr lo que hoy estamos viendo: salvar la vida de mucha gente.\u201d (Vers. 19, 20). COMENTARIO HIST\u00d3RICO &#8211; CAP\u00cdTULO [&hellip;]<\/p>\n","protected":false},"author":1,"featured_media":0,"comment_status":"open","ping_status":"open","sticky":false,"template":"","format":"standard","meta":{"_eb_attr":"","site-sidebar-layout":"default","site-content-layout":"","ast-site-content-layout":"","site-content-style":"default","site-sidebar-style":"default","ast-global-header-display":"","ast-banner-title-visibility":"","ast-main-header-display":"","ast-hfb-above-header-display":"","ast-hfb-below-header-display":"","ast-hfb-mobile-header-display":"","site-post-title":"","ast-breadcrumbs-content":"","ast-featured-img":"","footer-sml-layout":"","theme-transparent-header-meta":"","adv-header-id-meta":"","stick-header-meta":"","header-above-stick-meta":"","header-main-stick-meta":"","header-below-stick-meta":"","astra-migrate-meta-layouts":"default","ast-page-background-enabled":"default","ast-page-background-meta":{"desktop":{"background-color":"var(--ast-global-color-4)","background-image":"","background-repeat":"repeat","background-position":"center center","background-size":"auto","background-attachment":"scroll","background-type":"","background-media":"","overlay-type":"","overlay-color":"","overlay-gradient":""},"tablet":{"background-color":"","background-image":"","background-repeat":"repeat","background-position":"center center","background-size":"auto","background-attachment":"scroll","background-type":"","background-media":"","overlay-type":"","overlay-color":"","overlay-gradient":""},"mobile":{"background-color":"","background-image":"","background-repeat":"repeat","background-position":"center center","background-size":"auto","background-attachment":"scroll","background-type":"","background-media":"","overlay-type":"","overlay-color":"","overlay-gradient":""}},"ast-content-background-meta":{"desktop":{"background-color":"var(--ast-global-color-5)","background-image":"","background-repeat":"repeat","background-position":"center center","background-size":"auto","background-attachment":"scroll","background-type":"","background-media":"","overlay-type":"","overlay-color":"","overlay-gradient":""},"tablet":{"background-color":"var(--ast-global-color-5)","background-image":"","background-repeat":"repeat","background-position":"center center","background-size":"auto","background-attachment":"scroll","background-type":"","background-media":"","overlay-type":"","overlay-color":"","overlay-gradient":""},"mobile":{"background-color":"var(--ast-global-color-5)","background-image":"","background-repeat":"repeat","background-position":"center center","background-size":"auto","background-attachment":"scroll","background-type":"","background-media":"","overlay-type":"","overlay-color":"","overlay-gradient":""}},"footnotes":""},"categories":[1],"tags":[],"class_list":["post-224283","post","type-post","status-publish","format-standard","hentry","category-atentos"],"_links":{"self":[{"href":"http:\/\/unadeca.ac.cr\/teologia\/wp-json\/wp\/v2\/posts\/224283","targetHints":{"allow":["GET"]}}],"collection":[{"href":"http:\/\/unadeca.ac.cr\/teologia\/wp-json\/wp\/v2\/posts"}],"about":[{"href":"http:\/\/unadeca.ac.cr\/teologia\/wp-json\/wp\/v2\/types\/post"}],"author":[{"embeddable":true,"href":"http:\/\/unadeca.ac.cr\/teologia\/wp-json\/wp\/v2\/users\/1"}],"replies":[{"embeddable":true,"href":"http:\/\/unadeca.ac.cr\/teologia\/wp-json\/wp\/v2\/comments?post=224283"}],"version-history":[{"count":5,"href":"http:\/\/unadeca.ac.cr\/teologia\/wp-json\/wp\/v2\/posts\/224283\/revisions"}],"predecessor-version":[{"id":224288,"href":"http:\/\/unadeca.ac.cr\/teologia\/wp-json\/wp\/v2\/posts\/224283\/revisions\/224288"}],"wp:attachment":[{"href":"http:\/\/unadeca.ac.cr\/teologia\/wp-json\/wp\/v2\/media?parent=224283"}],"wp:term":[{"taxonomy":"category","embeddable":true,"href":"http:\/\/unadeca.ac.cr\/teologia\/wp-json\/wp\/v2\/categories?post=224283"},{"taxonomy":"post_tag","embeddable":true,"href":"http:\/\/unadeca.ac.cr\/teologia\/wp-json\/wp\/v2\/tags?post=224283"}],"curies":[{"name":"wp","href":"https:\/\/api.w.org\/{rel}","templated":true}]}}