{"id":224405,"date":"2022-03-19T00:00:00","date_gmt":"2022-03-19T00:00:00","guid":{"rendered":"https:\/\/unadeca.ac.cr\/teologia\/?p=224405"},"modified":"2022-03-13T01:04:23","modified_gmt":"2022-03-13T01:04:23","slug":"exodo-15-19-marzo-2022","status":"publish","type":"post","link":"http:\/\/unadeca.ac.cr\/teologia\/2022\/03\/19\/exodo-15-19-marzo-2022\/","title":{"rendered":"\u00c9XODO 15 &#8211; 19 MARZO 2022"},"content":{"rendered":"\t\t<div data-elementor-type=\"wp-post\" data-elementor-id=\"224405\" class=\"elementor elementor-224405\">\n\t\t\t\t\t\t<section class=\"elementor-section elementor-top-section elementor-element elementor-element-6b233cc0 elementor-section-boxed elementor-section-height-default elementor-section-height-default\" data-id=\"6b233cc0\" data-element_type=\"section\">\n\t\t\t\t\t\t<div class=\"elementor-container elementor-column-gap-default\">\n\t\t\t\t\t<div class=\"elementor-column elementor-col-100 elementor-top-column elementor-element elementor-element-636966a4\" data-id=\"636966a4\" data-element_type=\"column\">\n\t\t\t<div class=\"elementor-widget-wrap elementor-element-populated\">\n\t\t\t\t\t\t<div class=\"elementor-element elementor-element-62127b39 elementor-widget elementor-widget-heading\" data-id=\"62127b39\" data-element_type=\"widget\" data-widget_type=\"heading.default\">\n\t\t\t\t<div class=\"elementor-widget-container\">\n\t\t\t<h2 class=\"elementor-heading-title elementor-size-default\">ALABEMOS A DIOS POR SU GRAN AMOR<\/h2>\t\t<\/div>\n\t\t\t\t<\/div>\n\t\t\t\t\t<\/div>\n\t\t<\/div>\n\t\t\t\t\t<\/div>\n\t\t<\/section>\n\t\t\t\t<section class=\"elementor-section elementor-top-section elementor-element elementor-element-e988ac elementor-section-boxed elementor-section-height-default elementor-section-height-default\" data-id=\"e988ac\" data-element_type=\"section\">\n\t\t\t\t\t\t<div class=\"elementor-container elementor-column-gap-default\">\n\t\t\t\t\t<div class=\"elementor-column elementor-col-100 elementor-top-column elementor-element elementor-element-77f9bc4c\" data-id=\"77f9bc4c\" data-element_type=\"column\">\n\t\t\t<div class=\"elementor-widget-wrap elementor-element-populated\">\n\t\t\t\t\t\t<div class=\"elementor-element elementor-element-38e6693b elementor-widget-divider--view-line elementor-widget elementor-widget-divider\" data-id=\"38e6693b\" data-element_type=\"widget\" data-widget_type=\"divider.default\">\n\t\t\t\t<div class=\"elementor-widget-container\">\n\t\t\t\t\t<div class=\"elementor-divider\">\n\t\t\t<span class=\"elementor-divider-separator\">\n\t\t\t\t\t\t<\/span>\n\t\t<\/div>\n\t\t\t\t<\/div>\n\t\t\t\t<\/div>\n\t\t\t\t\t<\/div>\n\t\t<\/div>\n\t\t\t\t\t<\/div>\n\t\t<\/section>\n\t\t\t\t<section class=\"elementor-section elementor-top-section elementor-element elementor-element-3df15943 elementor-section-boxed elementor-section-height-default elementor-section-height-default\" data-id=\"3df15943\" data-element_type=\"section\">\n\t\t\t\t\t\t<div class=\"elementor-container elementor-column-gap-default\">\n\t\t\t\t\t<div class=\"elementor-column elementor-col-33 elementor-top-column elementor-element elementor-element-1750966a\" data-id=\"1750966a\" data-element_type=\"column\">\n\t\t\t<div class=\"elementor-widget-wrap elementor-element-populated\">\n\t\t\t\t\t\t<div class=\"elementor-element elementor-element-4c9b9dcf elementor-widget elementor-widget-heading\" data-id=\"4c9b9dcf\" data-element_type=\"widget\" data-widget_type=\"heading.default\">\n\t\t\t\t<div class=\"elementor-widget-container\">\n\t\t\t<h3 class=\"elementor-heading-title elementor-size-default\">VERS\u00cdCULO PARA MEMORIZAR<\/h3>\t\t<\/div>\n\t\t\t\t<\/div>\n\t\t\t\t\t<\/div>\n\t\t<\/div>\n\t\t\t\t<div class=\"elementor-column elementor-col-66 elementor-top-column elementor-element elementor-element-6e3d09df\" data-id=\"6e3d09df\" data-element_type=\"column\">\n\t\t\t<div class=\"elementor-widget-wrap elementor-element-populated\">\n\t\t\t\t\t\t<div class=\"elementor-element elementor-element-7c69aa57 elementor-widget elementor-widget-text-editor\" data-id=\"7c69aa57\" data-element_type=\"widget\" data-widget_type=\"text-editor.default\">\n\t\t\t\t<div class=\"elementor-widget-container\">\n\t\t\t\t\t\t\t<p style=\"text-align: center;\">\u201cJehov\u00e1 es mi fortaleza y mi c\u00e1ntico, Y ha sido mi salvaci\u00f3n. Este es mi Dios, y lo alabar\u00e9; Dios de mi padre, y lo enaltecer\u00e9.\u201d (Ver. 2).<\/p>\t\t\t\t\t\t<\/div>\n\t\t\t\t<\/div>\n\t\t\t\t\t<\/div>\n\t\t<\/div>\n\t\t\t\t\t<\/div>\n\t\t<\/section>\n\t\t\t\t<section class=\"elementor-section elementor-top-section elementor-element elementor-element-10bf3aa1 elementor-section-boxed elementor-section-height-default elementor-section-height-default\" data-id=\"10bf3aa1\" data-element_type=\"section\">\n\t\t\t\t\t\t<div class=\"elementor-container elementor-column-gap-default\">\n\t\t\t\t\t<div class=\"elementor-column elementor-col-100 elementor-top-column elementor-element elementor-element-7f5be2e9\" data-id=\"7f5be2e9\" data-element_type=\"column\">\n\t\t\t<div class=\"elementor-widget-wrap elementor-element-populated\">\n\t\t\t\t\t\t<div class=\"elementor-element elementor-element-5f5df15c elementor-widget-divider--view-line elementor-widget elementor-widget-divider\" data-id=\"5f5df15c\" data-element_type=\"widget\" data-widget_type=\"divider.default\">\n\t\t\t\t<div class=\"elementor-widget-container\">\n\t\t\t\t\t<div class=\"elementor-divider\">\n\t\t\t<span class=\"elementor-divider-separator\">\n\t\t\t\t\t\t<\/span>\n\t\t<\/div>\n\t\t\t\t<\/div>\n\t\t\t\t<\/div>\n\t\t\t\t\t<\/div>\n\t\t<\/div>\n\t\t\t\t\t<\/div>\n\t\t<\/section>\n\t\t\t\t<section class=\"elementor-section elementor-top-section elementor-element elementor-element-65c404c7 elementor-section-boxed elementor-section-height-default elementor-section-height-default\" data-id=\"65c404c7\" data-element_type=\"section\">\n\t\t\t\t\t\t<div class=\"elementor-container elementor-column-gap-default\">\n\t\t\t\t\t<div class=\"elementor-column elementor-col-100 elementor-top-column elementor-element elementor-element-374a142a\" data-id=\"374a142a\" data-element_type=\"column\">\n\t\t\t<div class=\"elementor-widget-wrap elementor-element-populated\">\n\t\t\t\t\t\t<div class=\"elementor-element elementor-element-7d0d2735 elementor-widget elementor-widget-heading\" data-id=\"7d0d2735\" data-element_type=\"widget\" data-widget_type=\"heading.default\">\n\t\t\t\t<div class=\"elementor-widget-container\">\n\t\t\t<h3 class=\"elementor-heading-title elementor-size-default\">COMENTARIO HIST\u00d3RICO - CAP\u00cdTULO 15 DE \u00c9XODO<\/h3>\t\t<\/div>\n\t\t\t\t<\/div>\n\t\t\t\t\t<\/div>\n\t\t<\/div>\n\t\t\t\t\t<\/div>\n\t\t<\/section>\n\t\t\t\t<section class=\"elementor-section elementor-top-section elementor-element elementor-element-2c18f1e2 elementor-section-boxed elementor-section-height-default elementor-section-height-default\" data-id=\"2c18f1e2\" data-element_type=\"section\">\n\t\t\t\t\t\t<div class=\"elementor-container elementor-column-gap-default\">\n\t\t\t\t\t<div class=\"elementor-column elementor-col-100 elementor-top-column elementor-element elementor-element-392cdb98\" data-id=\"392cdb98\" data-element_type=\"column\">\n\t\t\t<div class=\"elementor-widget-wrap elementor-element-populated\">\n\t\t\t\t\t\t<div class=\"elementor-element elementor-element-50fe0aa5 elementor-widget elementor-widget-text-editor\" data-id=\"50fe0aa5\" data-element_type=\"widget\" data-widget_type=\"text-editor.default\">\n\t\t\t\t<div class=\"elementor-widget-container\">\n\t\t\t\t\t\t\t<p>Despu\u00e9s de haber experimentado una vez m\u00e1s el poder de Dios al abrir las aguas del mar Rojo para que pudieran pasar sobre terreno firme, y ver la destrucci\u00f3n del todo el ej\u00e9rcito egipcio, Mois\u00e9s y Mar\u00eda, inspirados por Dios, compusieron el c\u00e1ntico m\u00e1s antiguo registrada por la Biblia, en el que expresa tres verbos de adoraci\u00f3n a Dios: 1) Cantar\u00e9; 2) Alabar\u00e9; 3) Ensalzar\u00e9.<\/p><p>La alabanza era una expresi\u00f3n de amor y agradecimiento por la liberaci\u00f3n definitiva de sus anteriores amos. Exalta su nombre, celebra su poder, y lo aclamaba con las frases: mi Padre, mi fortaleza, mi canci\u00f3n, y mi salvaci\u00f3n. Sin embargo, bastaron tres d\u00edas de escases, para olvidarse del cuidado de Dios, prefer\u00edan los a\u00f1os de esclavitud, comenzaron a pensar en el pasado como algo placentero. En el desierto de Shur los israelitas no tuvieron agua, y cuando llegaron a unas fuentes de agua no pudieron beberlas, porque eran amargas. Murmuraron y se rebelarse contra Mois\u00e9s y el Se\u00f1or. En su inmenso amor y misericordia, Dios les se\u00f1al\u00f3 un \u00e1rbol a Mois\u00e9s, que, al echarlo en las fuentes, el agua se volvi\u00f3 dulce.<\/p><p>Alabemos al igual que Mois\u00e9s y Mar\u00eda:<\/p><p><b>JEHOV\u00c1 ES MI FORTALEZA.- <\/b>Cantemos: \u201cCastillo fuerte es nuestro Dios, defensa y buen escudo. Con su poder nos librar\u00e1, en todo trance agudo\u201d.<\/p><p><b>JEHOV\u00c1 ES MI SALVACI\u00d3N.- <\/b>Ni la eternidad ser\u00e1 suficiente el tiempo para agradecer al Padre, Hijo y Esp\u00edritu Santo por el plan de salvaci\u00f3n.<\/p>\t\t\t\t\t\t<\/div>\n\t\t\t\t<\/div>\n\t\t\t\t\t<\/div>\n\t\t<\/div>\n\t\t\t\t\t<\/div>\n\t\t<\/section>\n\t\t\t\t<section class=\"elementor-section elementor-top-section elementor-element elementor-element-31cdebec elementor-section-boxed elementor-section-height-default elementor-section-height-default\" data-id=\"31cdebec\" data-element_type=\"section\">\n\t\t\t\t\t\t<div class=\"elementor-container elementor-column-gap-default\">\n\t\t\t\t\t<div class=\"elementor-column elementor-col-100 elementor-top-column elementor-element elementor-element-2fddfd95\" data-id=\"2fddfd95\" data-element_type=\"column\">\n\t\t\t<div class=\"elementor-widget-wrap elementor-element-populated\">\n\t\t\t\t\t\t<div class=\"elementor-element elementor-element-763f915d elementor-widget elementor-widget-heading\" data-id=\"763f915d\" data-element_type=\"widget\" data-widget_type=\"heading.default\">\n\t\t\t\t<div class=\"elementor-widget-container\">\n\t\t\t<h3 class=\"elementor-heading-title elementor-size-default\">CITA SELECTA - TESTIMONIOS SELECTOR, TOMO 4, P\u00c1G. 79<\/h3>\t\t<\/div>\n\t\t\t\t<\/div>\n\t\t\t\t\t<\/div>\n\t\t<\/div>\n\t\t\t\t\t<\/div>\n\t\t<\/section>\n\t\t\t\t<section class=\"elementor-section elementor-top-section elementor-element elementor-element-2c45e81e elementor-section-boxed elementor-section-height-default elementor-section-height-default\" data-id=\"2c45e81e\" data-element_type=\"section\">\n\t\t\t\t\t\t<div class=\"elementor-container elementor-column-gap-default\">\n\t\t\t\t\t<div class=\"elementor-column elementor-col-100 elementor-top-column elementor-element elementor-element-5e6b9db4\" data-id=\"5e6b9db4\" data-element_type=\"column\">\n\t\t\t<div class=\"elementor-widget-wrap elementor-element-populated\">\n\t\t\t\t\t\t<div class=\"elementor-element elementor-element-31e281d7 elementor-widget elementor-widget-text-editor\" data-id=\"31e281d7\" data-element_type=\"widget\" data-widget_type=\"text-editor.default\">\n\t\t\t\t<div class=\"elementor-widget-container\">\n\t\t\t\t\t\t\t<p>\u201cOrad, orad fervientemente y sin cesar, pero no os olvid\u00e9is de\u00a0 alabar a Dios. Incumbe a todo hijo de Dios vindicar su car\u00e1cter. Pod\u00e9is ensalzar a Jehov\u00e1; pod\u00e9is mostrar el poder de la gracia sostenedora. Hay multitudes que no aprecian el gran amor de Dios ni la compasi\u00f3n divina de Jes\u00fas. Miles consideran con desd\u00e9n la gracia sin par manifestada en el plan de redenci\u00f3n. Todos los que participan de esa gran salvaci\u00f3n no son inocentes al respecto. No cultivan corazones agradecidos. Pero el tema de la redenci\u00f3n es un tema que los \u00e1ngeles desean escudri\u00f1ar; ser\u00e1 la ciencia y el canto de los redimidos a trav\u00e9s de las edades sin fin de la eternidad\u201d.<\/p>\t\t\t\t\t\t<\/div>\n\t\t\t\t<\/div>\n\t\t\t\t\t<\/div>\n\t\t<\/div>\n\t\t\t\t\t<\/div>\n\t\t<\/section>\n\t\t\t\t<section class=\"elementor-section elementor-top-section elementor-element elementor-element-5bc5391d elementor-section-boxed elementor-section-height-default elementor-section-height-default\" data-id=\"5bc5391d\" data-element_type=\"section\">\n\t\t\t\t\t\t<div class=\"elementor-container elementor-column-gap-default\">\n\t\t\t\t\t<div class=\"elementor-column elementor-col-100 elementor-top-column elementor-element elementor-element-3caaf723\" data-id=\"3caaf723\" data-element_type=\"column\">\n\t\t\t<div class=\"elementor-widget-wrap elementor-element-populated\">\n\t\t\t\t\t\t<div class=\"elementor-element elementor-element-5be1e7fb elementor-widget elementor-widget-heading\" data-id=\"5be1e7fb\" data-element_type=\"widget\" data-widget_type=\"heading.default\">\n\t\t\t\t<div class=\"elementor-widget-container\">\n\t\t\t<h3 class=\"elementor-heading-title elementor-size-default\">ORACI\u00d3N<\/h3>\t\t<\/div>\n\t\t\t\t<\/div>\n\t\t\t\t\t<\/div>\n\t\t<\/div>\n\t\t\t\t\t<\/div>\n\t\t<\/section>\n\t\t\t\t<section class=\"elementor-section elementor-top-section elementor-element elementor-element-6edb7374 elementor-section-boxed elementor-section-height-default elementor-section-height-default\" data-id=\"6edb7374\" data-element_type=\"section\">\n\t\t\t\t\t\t<div class=\"elementor-container elementor-column-gap-default\">\n\t\t\t\t\t<div class=\"elementor-column elementor-col-100 elementor-top-column elementor-element elementor-element-6e8d28d5\" data-id=\"6e8d28d5\" data-element_type=\"column\">\n\t\t\t<div class=\"elementor-widget-wrap elementor-element-populated\">\n\t\t\t\t\t\t<div class=\"elementor-element elementor-element-3ac109a9 elementor-widget elementor-widget-text-editor\" data-id=\"3ac109a9\" data-element_type=\"widget\" data-widget_type=\"text-editor.default\">\n\t\t\t\t<div class=\"elementor-widget-container\">\n\t\t\t\t\t\t\t<p>PADRE ETERNO, ALABAMOS TU SANTO NOMBRE, PORQUE ERES NUESTRA FORTALEZA, REFUGIO Y SALVACI\u00d3N. ERES NUESTRO DIOS TODOPODEROSO, POR ESO ELEVAMOS NUESTRAS VOCES DE ALABANZA Y GRATITUD POR TUS CUIDADOS Y BENDICIONES.\u00a0 POR JES\u00daS, AM\u00c9N.\u00a0<\/p>\t\t\t\t\t\t<\/div>\n\t\t\t\t<\/div>\n\t\t\t\t\t<\/div>\n\t\t<\/div>\n\t\t\t\t\t<\/div>\n\t\t<\/section>\n\t\t\t\t<section class=\"elementor-section elementor-top-section elementor-element elementor-element-42534c89 elementor-section-boxed elementor-section-height-default elementor-section-height-default\" data-id=\"42534c89\" data-element_type=\"section\">\n\t\t\t\t\t\t<div class=\"elementor-container elementor-column-gap-default\">\n\t\t\t\t\t<div class=\"elementor-column elementor-col-100 elementor-top-column elementor-element elementor-element-41b14254\" data-id=\"41b14254\" data-element_type=\"column\">\n\t\t\t<div class=\"elementor-widget-wrap elementor-element-populated\">\n\t\t\t\t\t\t<div class=\"elementor-element elementor-element-15ac06a9 elementor-widget elementor-widget-html\" data-id=\"15ac06a9\" data-element_type=\"widget\" data-widget_type=\"html.default\">\n\t\t\t\t<div class=\"elementor-widget-container\">\n\t\t\t<iframe width=\"100%\" height=\"166\" scrolling=\"no\" frameborder=\"no\" allow=\"autoplay\" src=\"https:\/\/w.soundcloud.com\/player\/?url=https%3A\/\/api.soundcloud.com\/tracks\/1230841576&color=%23ff5500&auto_play=true&hide_related=false&show_comments=false&show_user=true&show_reposts=false&show_teaser=true\"><\/iframe><div style=\"font-size: 10px; color: #cccccc;line-break: anywhere;word-break: normal;overflow: hidden;white-space: nowrap;text-overflow: ellipsis; font-family: Interstate,Lucida Grande,Lucida Sans Unicode,Lucida Sans,Garuda,Verdana,Tahoma,sans-serif;font-weight: 100;\"><a href=\"https:\/\/soundcloud.com\/centro-white-unadeca-1\" title=\"Escuela de Teolog\u00eda, UNADECA\" target=\"_blank\" style=\"color: #cccccc; text-decoration: none;\">Escuela de Teolog\u00eda, UNADECA<\/a> \u00b7 <a href=\"https:\/\/soundcloud.com\/centro-white-unadeca-1\/20220319-exodo15\" title=\"20220319 Exodo15\" target=\"_blank\" style=\"color: #cccccc; text-decoration: none;\">20220319 Exodo15<\/a><\/div>\t\t<\/div>\n\t\t\t\t<\/div>\n\t\t\t\t\t<\/div>\n\t\t<\/div>\n\t\t\t\t\t<\/div>\n\t\t<\/section>\n\t\t\t\t<\/div>\n\t\t","protected":false},"excerpt":{"rendered":"<p>ALABEMOS A DIOS POR SU GRAN AMOR VERS\u00cdCULO PARA MEMORIZAR \u201cJehov\u00e1 es mi fortaleza y mi c\u00e1ntico, Y ha sido mi salvaci\u00f3n. Este es mi Dios, y lo alabar\u00e9; Dios de mi padre, y lo enaltecer\u00e9.\u201d (Ver. 2). COMENTARIO HIST\u00d3RICO &#8211; CAP\u00cdTULO 15 DE \u00c9XODO Despu\u00e9s de haber experimentado una vez m\u00e1s el poder de [&hellip;]<\/p>\n","protected":false},"author":1,"featured_media":0,"comment_status":"open","ping_status":"open","sticky":false,"template":"","format":"standard","meta":{"_eb_attr":"","site-sidebar-layout":"default","site-content-layout":"","ast-site-content-layout":"","site-content-style":"default","site-sidebar-style":"default","ast-global-header-display":"","ast-banner-title-visibility":"","ast-main-header-display":"","ast-hfb-above-header-display":"","ast-hfb-below-header-display":"","ast-hfb-mobile-header-display":"","site-post-title":"","ast-breadcrumbs-content":"","ast-featured-img":"","footer-sml-layout":"","theme-transparent-header-meta":"","adv-header-id-meta":"","stick-header-meta":"","header-above-stick-meta":"","header-main-stick-meta":"","header-below-stick-meta":"","astra-migrate-meta-layouts":"default","ast-page-background-enabled":"default","ast-page-background-meta":{"desktop":{"background-color":"var(--ast-global-color-4)","background-image":"","background-repeat":"repeat","background-position":"center center","background-size":"auto","background-attachment":"scroll","background-type":"","background-media":"","overlay-type":"","overlay-color":"","overlay-gradient":""},"tablet":{"background-color":"","background-image":"","background-repeat":"repeat","background-position":"center center","background-size":"auto","background-attachment":"scroll","background-type":"","background-media":"","overlay-type":"","overlay-color":"","overlay-gradient":""},"mobile":{"background-color":"","background-image":"","background-repeat":"repeat","background-position":"center center","background-size":"auto","background-attachment":"scroll","background-type":"","background-media":"","overlay-type":"","overlay-color":"","overlay-gradient":""}},"ast-content-background-meta":{"desktop":{"background-color":"var(--ast-global-color-5)","background-image":"","background-repeat":"repeat","background-position":"center center","background-size":"auto","background-attachment":"scroll","background-type":"","background-media":"","overlay-type":"","overlay-color":"","overlay-gradient":""},"tablet":{"background-color":"var(--ast-global-color-5)","background-image":"","background-repeat":"repeat","background-position":"center center","background-size":"auto","background-attachment":"scroll","background-type":"","background-media":"","overlay-type":"","overlay-color":"","overlay-gradient":""},"mobile":{"background-color":"var(--ast-global-color-5)","background-image":"","background-repeat":"repeat","background-position":"center center","background-size":"auto","background-attachment":"scroll","background-type":"","background-media":"","overlay-type":"","overlay-color":"","overlay-gradient":""}},"footnotes":""},"categories":[1],"tags":[],"class_list":["post-224405","post","type-post","status-publish","format-standard","hentry","category-atentos"],"_links":{"self":[{"href":"http:\/\/unadeca.ac.cr\/teologia\/wp-json\/wp\/v2\/posts\/224405","targetHints":{"allow":["GET"]}}],"collection":[{"href":"http:\/\/unadeca.ac.cr\/teologia\/wp-json\/wp\/v2\/posts"}],"about":[{"href":"http:\/\/unadeca.ac.cr\/teologia\/wp-json\/wp\/v2\/types\/post"}],"author":[{"embeddable":true,"href":"http:\/\/unadeca.ac.cr\/teologia\/wp-json\/wp\/v2\/users\/1"}],"replies":[{"embeddable":true,"href":"http:\/\/unadeca.ac.cr\/teologia\/wp-json\/wp\/v2\/comments?post=224405"}],"version-history":[{"count":5,"href":"http:\/\/unadeca.ac.cr\/teologia\/wp-json\/wp\/v2\/posts\/224405\/revisions"}],"predecessor-version":[{"id":224410,"href":"http:\/\/unadeca.ac.cr\/teologia\/wp-json\/wp\/v2\/posts\/224405\/revisions\/224410"}],"wp:attachment":[{"href":"http:\/\/unadeca.ac.cr\/teologia\/wp-json\/wp\/v2\/media?parent=224405"}],"wp:term":[{"taxonomy":"category","embeddable":true,"href":"http:\/\/unadeca.ac.cr\/teologia\/wp-json\/wp\/v2\/categories?post=224405"},{"taxonomy":"post_tag","embeddable":true,"href":"http:\/\/unadeca.ac.cr\/teologia\/wp-json\/wp\/v2\/tags?post=224405"}],"curies":[{"name":"wp","href":"https:\/\/api.w.org\/{rel}","templated":true}]}}