{"id":224526,"date":"2022-03-31T00:00:00","date_gmt":"2022-03-31T00:00:00","guid":{"rendered":"https:\/\/unadeca.ac.cr\/teologia\/?p=224526"},"modified":"2022-03-27T01:59:25","modified_gmt":"2022-03-27T01:59:25","slug":"exodo-27-31-marzo-2022","status":"publish","type":"post","link":"http:\/\/unadeca.ac.cr\/teologia\/2022\/03\/31\/exodo-27-31-marzo-2022\/","title":{"rendered":"\u00c9XODO 27 &#8211; 31 MARZO 2022"},"content":{"rendered":"\t\t<div data-elementor-type=\"wp-post\" data-elementor-id=\"224526\" class=\"elementor elementor-224526\">\n\t\t\t\t\t\t<section class=\"elementor-section elementor-top-section elementor-element elementor-element-678d3ca1 elementor-section-boxed elementor-section-height-default elementor-section-height-default\" data-id=\"678d3ca1\" data-element_type=\"section\">\n\t\t\t\t\t\t<div class=\"elementor-container elementor-column-gap-default\">\n\t\t\t\t\t<div class=\"elementor-column elementor-col-100 elementor-top-column elementor-element elementor-element-5a1ff9ee\" data-id=\"5a1ff9ee\" data-element_type=\"column\">\n\t\t\t<div class=\"elementor-widget-wrap elementor-element-populated\">\n\t\t\t\t\t\t<div class=\"elementor-element elementor-element-23c8d655 elementor-widget elementor-widget-heading\" data-id=\"23c8d655\" data-element_type=\"widget\" data-widget_type=\"heading.default\">\n\t\t\t\t<div class=\"elementor-widget-container\">\n\t\t\t<h2 class=\"elementor-heading-title elementor-size-default\">EXPLICACI\u00d3N DEL ALTAR DE LOS HOLOCAUSTOS<\/h2>\t\t<\/div>\n\t\t\t\t<\/div>\n\t\t\t\t\t<\/div>\n\t\t<\/div>\n\t\t\t\t\t<\/div>\n\t\t<\/section>\n\t\t\t\t<section class=\"elementor-section elementor-top-section elementor-element elementor-element-4d2cb3a5 elementor-section-boxed elementor-section-height-default elementor-section-height-default\" data-id=\"4d2cb3a5\" data-element_type=\"section\">\n\t\t\t\t\t\t<div class=\"elementor-container elementor-column-gap-default\">\n\t\t\t\t\t<div class=\"elementor-column elementor-col-100 elementor-top-column elementor-element elementor-element-3ca20fc3\" data-id=\"3ca20fc3\" data-element_type=\"column\">\n\t\t\t<div class=\"elementor-widget-wrap elementor-element-populated\">\n\t\t\t\t\t\t<div class=\"elementor-element elementor-element-7963e346 elementor-widget-divider--view-line elementor-widget elementor-widget-divider\" data-id=\"7963e346\" data-element_type=\"widget\" data-widget_type=\"divider.default\">\n\t\t\t\t<div class=\"elementor-widget-container\">\n\t\t\t\t\t<div class=\"elementor-divider\">\n\t\t\t<span class=\"elementor-divider-separator\">\n\t\t\t\t\t\t<\/span>\n\t\t<\/div>\n\t\t\t\t<\/div>\n\t\t\t\t<\/div>\n\t\t\t\t\t<\/div>\n\t\t<\/div>\n\t\t\t\t\t<\/div>\n\t\t<\/section>\n\t\t\t\t<section class=\"elementor-section elementor-top-section elementor-element elementor-element-4517033a elementor-section-boxed elementor-section-height-default elementor-section-height-default\" data-id=\"4517033a\" data-element_type=\"section\">\n\t\t\t\t\t\t<div class=\"elementor-container elementor-column-gap-default\">\n\t\t\t\t\t<div class=\"elementor-column elementor-col-33 elementor-top-column elementor-element elementor-element-7e7b95bf\" data-id=\"7e7b95bf\" data-element_type=\"column\">\n\t\t\t<div class=\"elementor-widget-wrap elementor-element-populated\">\n\t\t\t\t\t\t<div class=\"elementor-element elementor-element-72c5e190 elementor-widget elementor-widget-heading\" data-id=\"72c5e190\" data-element_type=\"widget\" data-widget_type=\"heading.default\">\n\t\t\t\t<div class=\"elementor-widget-container\">\n\t\t\t<h3 class=\"elementor-heading-title elementor-size-default\">VERS\u00cdCULO PARA MEMORIZAR<\/h3>\t\t<\/div>\n\t\t\t\t<\/div>\n\t\t\t\t\t<\/div>\n\t\t<\/div>\n\t\t\t\t<div class=\"elementor-column elementor-col-66 elementor-top-column elementor-element elementor-element-8bf69fb\" data-id=\"8bf69fb\" data-element_type=\"column\">\n\t\t\t<div class=\"elementor-widget-wrap elementor-element-populated\">\n\t\t\t\t\t\t<div class=\"elementor-element elementor-element-1e1fb8ae elementor-widget elementor-widget-text-editor\" data-id=\"1e1fb8ae\" data-element_type=\"widget\" data-widget_type=\"text-editor.default\">\n\t\t\t\t<div class=\"elementor-widget-container\">\n\t\t\t\t\t\t\t<p>\u201cHaz un altar de madera de acacia, cuadrado, de dos metros con treinta cent\u00edmetros por lado, y de un metro con treinta cent\u00edmetros de alto. Ponle un cuerno en cada una de sus cuatro esquinas, de manera que los cuernos y el altar formen una sola pieza, y recubre de bronce el altar\u201d (Vers. 1, 2).<\/p>\t\t\t\t\t\t<\/div>\n\t\t\t\t<\/div>\n\t\t\t\t\t<\/div>\n\t\t<\/div>\n\t\t\t\t\t<\/div>\n\t\t<\/section>\n\t\t\t\t<section class=\"elementor-section elementor-top-section elementor-element elementor-element-481b59b1 elementor-section-boxed elementor-section-height-default elementor-section-height-default\" data-id=\"481b59b1\" data-element_type=\"section\">\n\t\t\t\t\t\t<div class=\"elementor-container elementor-column-gap-default\">\n\t\t\t\t\t<div class=\"elementor-column elementor-col-100 elementor-top-column elementor-element elementor-element-16cfbf86\" data-id=\"16cfbf86\" data-element_type=\"column\">\n\t\t\t<div class=\"elementor-widget-wrap elementor-element-populated\">\n\t\t\t\t\t\t<div class=\"elementor-element elementor-element-40b4262 elementor-widget-divider--view-line elementor-widget elementor-widget-divider\" data-id=\"40b4262\" data-element_type=\"widget\" data-widget_type=\"divider.default\">\n\t\t\t\t<div class=\"elementor-widget-container\">\n\t\t\t\t\t<div class=\"elementor-divider\">\n\t\t\t<span class=\"elementor-divider-separator\">\n\t\t\t\t\t\t<\/span>\n\t\t<\/div>\n\t\t\t\t<\/div>\n\t\t\t\t<\/div>\n\t\t\t\t\t<\/div>\n\t\t<\/div>\n\t\t\t\t\t<\/div>\n\t\t<\/section>\n\t\t\t\t<section class=\"elementor-section elementor-top-section elementor-element elementor-element-6cb79b9e elementor-section-boxed elementor-section-height-default elementor-section-height-default\" data-id=\"6cb79b9e\" data-element_type=\"section\">\n\t\t\t\t\t\t<div class=\"elementor-container elementor-column-gap-default\">\n\t\t\t\t\t<div class=\"elementor-column elementor-col-100 elementor-top-column elementor-element elementor-element-3a949c43\" data-id=\"3a949c43\" data-element_type=\"column\">\n\t\t\t<div class=\"elementor-widget-wrap elementor-element-populated\">\n\t\t\t\t\t\t<div class=\"elementor-element elementor-element-63fd7e6d elementor-widget elementor-widget-heading\" data-id=\"63fd7e6d\" data-element_type=\"widget\" data-widget_type=\"heading.default\">\n\t\t\t\t<div class=\"elementor-widget-container\">\n\t\t\t<h3 class=\"elementor-heading-title elementor-size-default\">COMENTARIO HIST\u00d3RICO - CAP\u00cdTULO 27 DE \u00c9XODO<\/h3>\t\t<\/div>\n\t\t\t\t<\/div>\n\t\t\t\t\t<\/div>\n\t\t<\/div>\n\t\t\t\t\t<\/div>\n\t\t<\/section>\n\t\t\t\t<section class=\"elementor-section elementor-top-section elementor-element elementor-element-2494240 elementor-section-boxed elementor-section-height-default elementor-section-height-default\" data-id=\"2494240\" data-element_type=\"section\">\n\t\t\t\t\t\t<div class=\"elementor-container elementor-column-gap-default\">\n\t\t\t\t\t<div class=\"elementor-column elementor-col-100 elementor-top-column elementor-element elementor-element-6dd1a83\" data-id=\"6dd1a83\" data-element_type=\"column\">\n\t\t\t<div class=\"elementor-widget-wrap elementor-element-populated\">\n\t\t\t\t\t\t<div class=\"elementor-element elementor-element-6990abc0 elementor-widget elementor-widget-text-editor\" data-id=\"6990abc0\" data-element_type=\"widget\" data-widget_type=\"text-editor.default\">\n\t\t\t\t<div class=\"elementor-widget-container\">\n\t\t\t\t\t\t\t<p>Considerando que el pueblo de Israel era la naci\u00f3n elegida por Dios para que lo representara en el mundo. El Dios invisible se hac\u00eda visible a trav\u00e9s de todas las ceremonias que se realizaban en el santuario. El altar de los sacrificios era el mueble m\u00e1s importante del atrio o patio del tabern\u00e1culo. El altar era de madera, revestida con bronce, ten\u00eda un enrejado de bronce que se colocaba en la parte hueca del altar, en medio del cual se manten\u00eda encendido el fuego y se quemaba el sacrificio. Los sacrificios que se quemaban en el altar de bronce era tipo de Cristo, quien muere para expiar nuestros pecados. El atrio del santuario med\u00eda cuarenta y cinco metros de largo, por veintid\u00f3s metros y medio de ancho. Es necesario mencionar, que cuando se entraba al santuario, se entraba en direcci\u00f3n al oeste, dando la espalda al este, para que no tener ninguna relaci\u00f3n con la adoraci\u00f3n al sol.\u00a0<\/p><p>\u201cDelante del tabern\u00e1culo, en el atrio, donde entraba la gente, hab\u00eda un altar al cual deb\u00edan llevar los sacrificios y sobre el cual los sacerdotes deb\u00edan ofrecerlos a Dios. El altar de bronce era tipo de Cristo que muere para expiar nuestros pecados\u201d. (CSA 24).<\/p>\t\t\t\t\t\t<\/div>\n\t\t\t\t<\/div>\n\t\t\t\t\t<\/div>\n\t\t<\/div>\n\t\t\t\t\t<\/div>\n\t\t<\/section>\n\t\t\t\t<section class=\"elementor-section elementor-top-section elementor-element elementor-element-3ca27ce elementor-section-boxed elementor-section-height-default elementor-section-height-default\" data-id=\"3ca27ce\" data-element_type=\"section\">\n\t\t\t\t\t\t<div class=\"elementor-container elementor-column-gap-default\">\n\t\t\t\t\t<div class=\"elementor-column elementor-col-100 elementor-top-column elementor-element elementor-element-720022f0\" data-id=\"720022f0\" data-element_type=\"column\">\n\t\t\t<div class=\"elementor-widget-wrap elementor-element-populated\">\n\t\t\t\t\t\t<div class=\"elementor-element elementor-element-3e30e48f elementor-widget elementor-widget-heading\" data-id=\"3e30e48f\" data-element_type=\"widget\" data-widget_type=\"heading.default\">\n\t\t\t\t<div class=\"elementor-widget-container\">\n\t\t\t<h3 class=\"elementor-heading-title elementor-size-default\">CITA SELECTA - CRISTO EN SU SANTUARIO, P\u00c1G. 28<\/h3>\t\t<\/div>\n\t\t\t\t<\/div>\n\t\t\t\t\t<\/div>\n\t\t<\/div>\n\t\t\t\t\t<\/div>\n\t\t<\/section>\n\t\t\t\t<section class=\"elementor-section elementor-top-section elementor-element elementor-element-1cfa5b63 elementor-section-boxed elementor-section-height-default elementor-section-height-default\" data-id=\"1cfa5b63\" data-element_type=\"section\">\n\t\t\t\t\t\t<div class=\"elementor-container elementor-column-gap-default\">\n\t\t\t\t\t<div class=\"elementor-column elementor-col-100 elementor-top-column elementor-element elementor-element-397adfa0\" data-id=\"397adfa0\" data-element_type=\"column\">\n\t\t\t<div class=\"elementor-widget-wrap elementor-element-populated\">\n\t\t\t\t\t\t<div class=\"elementor-element elementor-element-741c8581 elementor-widget elementor-widget-text-editor\" data-id=\"741c8581\" data-element_type=\"widget\" data-widget_type=\"text-editor.default\">\n\t\t\t\t<div class=\"elementor-widget-container\">\n\t\t\t\t\t\t\t<p>\u201cLa tienda sagrada estaba colocada en un espacio abierto llamado atrio, rodeado por cortinas\u00a0de\u00a0lino fino que colgaban de columnas de bronce. La entrada a este recinto se hallaba en el extremo oriental. Estaba cerrada con cortinas\u00a0de\u00a0riqu\u00edsima tela hermosamente trabajadas, aunque inferiores a las del Santuario. Como estas cortinas del atrio eran s\u00f3lo\u00a0de\u00a0la mitad\u00a0de\u00a0la altura\u00a0de\u00a0las paredes del tabern\u00e1culo, el edificio pod\u00eda verse perfectamente desde afuera. En el atrio, y cerca\u00a0de\u00a0la entrada, se hallaba el\u00a0altar de\u00a0bronce del holocausto. En este\u00a0altar\u00a0se consum\u00edan todos\u00a0los sacrificios\u00a0que deb\u00edan ofrecerse por\u00a0fuego al Se\u00f1or, y sobre sus cuernos se rociaba la sangre expiatoria. Entre el\u00a0altar\u00a0y la puerta del tabern\u00e1culo estaba la fuente, tambi\u00e9n\u00a0de\u00a0bronce, hecha con\u00a0los\u00a0espejos donados voluntariamente por las mujeres\u00a0de\u00a0Israel\u201d.\u00a0(CES 28).<\/p>\t\t\t\t\t\t<\/div>\n\t\t\t\t<\/div>\n\t\t\t\t\t<\/div>\n\t\t<\/div>\n\t\t\t\t\t<\/div>\n\t\t<\/section>\n\t\t\t\t<section class=\"elementor-section elementor-top-section elementor-element elementor-element-79d133cf elementor-section-boxed elementor-section-height-default elementor-section-height-default\" data-id=\"79d133cf\" data-element_type=\"section\">\n\t\t\t\t\t\t<div class=\"elementor-container elementor-column-gap-default\">\n\t\t\t\t\t<div class=\"elementor-column elementor-col-100 elementor-top-column elementor-element elementor-element-631f1c8f\" data-id=\"631f1c8f\" data-element_type=\"column\">\n\t\t\t<div class=\"elementor-widget-wrap elementor-element-populated\">\n\t\t\t\t\t\t<div class=\"elementor-element elementor-element-5cf8c74d elementor-widget elementor-widget-heading\" data-id=\"5cf8c74d\" data-element_type=\"widget\" data-widget_type=\"heading.default\">\n\t\t\t\t<div class=\"elementor-widget-container\">\n\t\t\t<h3 class=\"elementor-heading-title elementor-size-default\">ORACI\u00d3N<\/h3>\t\t<\/div>\n\t\t\t\t<\/div>\n\t\t\t\t\t<\/div>\n\t\t<\/div>\n\t\t\t\t\t<\/div>\n\t\t<\/section>\n\t\t\t\t<section class=\"elementor-section elementor-top-section elementor-element elementor-element-4aff5ab6 elementor-section-boxed elementor-section-height-default elementor-section-height-default\" data-id=\"4aff5ab6\" data-element_type=\"section\">\n\t\t\t\t\t\t<div class=\"elementor-container elementor-column-gap-default\">\n\t\t\t\t\t<div class=\"elementor-column elementor-col-100 elementor-top-column elementor-element elementor-element-7a4f2c3d\" data-id=\"7a4f2c3d\" data-element_type=\"column\">\n\t\t\t<div class=\"elementor-widget-wrap elementor-element-populated\">\n\t\t\t\t\t\t<div class=\"elementor-element elementor-element-531c2e59 elementor-widget elementor-widget-text-editor\" data-id=\"531c2e59\" data-element_type=\"widget\" data-widget_type=\"text-editor.default\">\n\t\t\t\t<div class=\"elementor-widget-container\">\n\t\t\t\t\t\t\t<p>PADRE NUESTRO. LA MUERTE DE ANIMALES INOCENTES Y SU SACRIFICIO EN EL ALTAR, NOS MUESTRA QUE LAS CONSECUENCIAS DEL PECADO ES LA MUERTE. GRACIAS POR EL SACRIFICIO DE CRISTO EN LA CRUZ. POR JES\u00daS, AM\u00c9N.<\/p>\t\t\t\t\t\t<\/div>\n\t\t\t\t<\/div>\n\t\t\t\t\t<\/div>\n\t\t<\/div>\n\t\t\t\t\t<\/div>\n\t\t<\/section>\n\t\t\t\t<section class=\"elementor-section elementor-top-section elementor-element elementor-element-56da998c elementor-section-boxed elementor-section-height-default elementor-section-height-default\" data-id=\"56da998c\" data-element_type=\"section\">\n\t\t\t\t\t\t<div class=\"elementor-container elementor-column-gap-default\">\n\t\t\t\t\t<div class=\"elementor-column elementor-col-100 elementor-top-column elementor-element elementor-element-234b044\" data-id=\"234b044\" data-element_type=\"column\">\n\t\t\t<div class=\"elementor-widget-wrap elementor-element-populated\">\n\t\t\t\t\t\t<div class=\"elementor-element elementor-element-501cbdfe elementor-widget elementor-widget-html\" data-id=\"501cbdfe\" data-element_type=\"widget\" data-widget_type=\"html.default\">\n\t\t\t\t<div class=\"elementor-widget-container\">\n\t\t\t<iframe width=\"100%\" height=\"166\" scrolling=\"no\" frameborder=\"no\" allow=\"autoplay\" src=\"https:\/\/w.soundcloud.com\/player\/?url=https%3A\/\/api.soundcloud.com\/tracks\/1239484360&color=%23ff5500&auto_play=true&hide_related=false&show_comments=false&show_user=true&show_reposts=false&show_teaser=true\"><\/iframe><div style=\"font-size: 10px; color: #cccccc;line-break: anywhere;word-break: normal;overflow: hidden;white-space: nowrap;text-overflow: ellipsis; font-family: Interstate,Lucida Grande,Lucida Sans Unicode,Lucida Sans,Garuda,Verdana,Tahoma,sans-serif;font-weight: 100;\"><a href=\"https:\/\/soundcloud.com\/centro-white-unadeca-1\" title=\"Escuela de Teolog\u00eda, UNADECA\" target=\"_blank\" style=\"color: #cccccc; text-decoration: none;\">Escuela de Teolog\u00eda, UNADECA<\/a> \u00b7 <a href=\"https:\/\/soundcloud.com\/centro-white-unadeca-1\/20220331-exodo27\" title=\"20220331 Exodo27\" target=\"_blank\" style=\"color: #cccccc; text-decoration: none;\">20220331 Exodo27<\/a><\/div>\t\t<\/div>\n\t\t\t\t<\/div>\n\t\t\t\t\t<\/div>\n\t\t<\/div>\n\t\t\t\t\t<\/div>\n\t\t<\/section>\n\t\t\t\t<\/div>\n\t\t","protected":false},"excerpt":{"rendered":"<p>EXPLICACI\u00d3N DEL ALTAR DE LOS HOLOCAUSTOS VERS\u00cdCULO PARA MEMORIZAR \u201cHaz un altar de madera de acacia, cuadrado, de dos metros con treinta cent\u00edmetros por lado, y de un metro con treinta cent\u00edmetros de alto. Ponle un cuerno en cada una de sus cuatro esquinas, de manera que los cuernos y el altar formen una sola [&hellip;]<\/p>\n","protected":false},"author":1,"featured_media":0,"comment_status":"open","ping_status":"open","sticky":false,"template":"","format":"standard","meta":{"_eb_attr":"","site-sidebar-layout":"default","site-content-layout":"","ast-site-content-layout":"","site-content-style":"default","site-sidebar-style":"default","ast-global-header-display":"","ast-banner-title-visibility":"","ast-main-header-display":"","ast-hfb-above-header-display":"","ast-hfb-below-header-display":"","ast-hfb-mobile-header-display":"","site-post-title":"","ast-breadcrumbs-content":"","ast-featured-img":"","footer-sml-layout":"","theme-transparent-header-meta":"","adv-header-id-meta":"","stick-header-meta":"","header-above-stick-meta":"","header-main-stick-meta":"","header-below-stick-meta":"","astra-migrate-meta-layouts":"default","ast-page-background-enabled":"default","ast-page-background-meta":{"desktop":{"background-color":"var(--ast-global-color-4)","background-image":"","background-repeat":"repeat","background-position":"center center","background-size":"auto","background-attachment":"scroll","background-type":"","background-media":"","overlay-type":"","overlay-color":"","overlay-gradient":""},"tablet":{"background-color":"","background-image":"","background-repeat":"repeat","background-position":"center center","background-size":"auto","background-attachment":"scroll","background-type":"","background-media":"","overlay-type":"","overlay-color":"","overlay-gradient":""},"mobile":{"background-color":"","background-image":"","background-repeat":"repeat","background-position":"center center","background-size":"auto","background-attachment":"scroll","background-type":"","background-media":"","overlay-type":"","overlay-color":"","overlay-gradient":""}},"ast-content-background-meta":{"desktop":{"background-color":"var(--ast-global-color-5)","background-image":"","background-repeat":"repeat","background-position":"center center","background-size":"auto","background-attachment":"scroll","background-type":"","background-media":"","overlay-type":"","overlay-color":"","overlay-gradient":""},"tablet":{"background-color":"var(--ast-global-color-5)","background-image":"","background-repeat":"repeat","background-position":"center center","background-size":"auto","background-attachment":"scroll","background-type":"","background-media":"","overlay-type":"","overlay-color":"","overlay-gradient":""},"mobile":{"background-color":"var(--ast-global-color-5)","background-image":"","background-repeat":"repeat","background-position":"center center","background-size":"auto","background-attachment":"scroll","background-type":"","background-media":"","overlay-type":"","overlay-color":"","overlay-gradient":""}},"footnotes":""},"categories":[1],"tags":[],"class_list":["post-224526","post","type-post","status-publish","format-standard","hentry","category-atentos"],"_links":{"self":[{"href":"http:\/\/unadeca.ac.cr\/teologia\/wp-json\/wp\/v2\/posts\/224526","targetHints":{"allow":["GET"]}}],"collection":[{"href":"http:\/\/unadeca.ac.cr\/teologia\/wp-json\/wp\/v2\/posts"}],"about":[{"href":"http:\/\/unadeca.ac.cr\/teologia\/wp-json\/wp\/v2\/types\/post"}],"author":[{"embeddable":true,"href":"http:\/\/unadeca.ac.cr\/teologia\/wp-json\/wp\/v2\/users\/1"}],"replies":[{"embeddable":true,"href":"http:\/\/unadeca.ac.cr\/teologia\/wp-json\/wp\/v2\/comments?post=224526"}],"version-history":[{"count":5,"href":"http:\/\/unadeca.ac.cr\/teologia\/wp-json\/wp\/v2\/posts\/224526\/revisions"}],"predecessor-version":[{"id":224531,"href":"http:\/\/unadeca.ac.cr\/teologia\/wp-json\/wp\/v2\/posts\/224526\/revisions\/224531"}],"wp:attachment":[{"href":"http:\/\/unadeca.ac.cr\/teologia\/wp-json\/wp\/v2\/media?parent=224526"}],"wp:term":[{"taxonomy":"category","embeddable":true,"href":"http:\/\/unadeca.ac.cr\/teologia\/wp-json\/wp\/v2\/categories?post=224526"},{"taxonomy":"post_tag","embeddable":true,"href":"http:\/\/unadeca.ac.cr\/teologia\/wp-json\/wp\/v2\/tags?post=224526"}],"curies":[{"name":"wp","href":"https:\/\/api.w.org\/{rel}","templated":true}]}}