{"id":224532,"date":"2022-04-01T00:00:00","date_gmt":"2022-04-01T00:00:00","guid":{"rendered":"https:\/\/unadeca.ac.cr\/teologia\/?p=224532"},"modified":"2022-03-27T02:02:51","modified_gmt":"2022-03-27T02:02:51","slug":"exodo-28-1-abril-2022","status":"publish","type":"post","link":"http:\/\/unadeca.ac.cr\/teologia\/2022\/04\/01\/exodo-28-1-abril-2022\/","title":{"rendered":"\u00c9XODO 28 &#8211; 1 ABRIL 2022"},"content":{"rendered":"\t\t<div data-elementor-type=\"wp-post\" data-elementor-id=\"224532\" class=\"elementor elementor-224532\">\n\t\t\t\t\t\t<section class=\"elementor-section elementor-top-section elementor-element elementor-element-6a5d66a5 elementor-section-boxed elementor-section-height-default elementor-section-height-default\" data-id=\"6a5d66a5\" data-element_type=\"section\">\n\t\t\t\t\t\t<div class=\"elementor-container elementor-column-gap-default\">\n\t\t\t\t\t<div class=\"elementor-column elementor-col-100 elementor-top-column elementor-element elementor-element-7deae683\" data-id=\"7deae683\" data-element_type=\"column\">\n\t\t\t<div class=\"elementor-widget-wrap elementor-element-populated\">\n\t\t\t\t\t\t<div class=\"elementor-element elementor-element-6a89a010 elementor-widget elementor-widget-heading\" data-id=\"6a89a010\" data-element_type=\"widget\" data-widget_type=\"heading.default\">\n\t\t\t\t<div class=\"elementor-widget-container\">\n\t\t\t<h2 class=\"elementor-heading-title elementor-size-default\">DIOS DESEA QUE SUS SEGUIDORES VIVAMOS EN \u201cSANTIDAD A JEHOV\u00c1\u201d<\/h2>\t\t<\/div>\n\t\t\t\t<\/div>\n\t\t\t\t\t<\/div>\n\t\t<\/div>\n\t\t\t\t\t<\/div>\n\t\t<\/section>\n\t\t\t\t<section class=\"elementor-section elementor-top-section elementor-element elementor-element-45c20b9d elementor-section-boxed elementor-section-height-default elementor-section-height-default\" data-id=\"45c20b9d\" data-element_type=\"section\">\n\t\t\t\t\t\t<div class=\"elementor-container elementor-column-gap-default\">\n\t\t\t\t\t<div class=\"elementor-column elementor-col-100 elementor-top-column elementor-element elementor-element-560e00de\" data-id=\"560e00de\" data-element_type=\"column\">\n\t\t\t<div class=\"elementor-widget-wrap elementor-element-populated\">\n\t\t\t\t\t\t<div class=\"elementor-element elementor-element-1189bb8 elementor-widget-divider--view-line elementor-widget elementor-widget-divider\" data-id=\"1189bb8\" data-element_type=\"widget\" data-widget_type=\"divider.default\">\n\t\t\t\t<div class=\"elementor-widget-container\">\n\t\t\t\t\t<div class=\"elementor-divider\">\n\t\t\t<span class=\"elementor-divider-separator\">\n\t\t\t\t\t\t<\/span>\n\t\t<\/div>\n\t\t\t\t<\/div>\n\t\t\t\t<\/div>\n\t\t\t\t\t<\/div>\n\t\t<\/div>\n\t\t\t\t\t<\/div>\n\t\t<\/section>\n\t\t\t\t<section class=\"elementor-section elementor-top-section elementor-element elementor-element-4ef3af79 elementor-section-boxed elementor-section-height-default elementor-section-height-default\" data-id=\"4ef3af79\" data-element_type=\"section\">\n\t\t\t\t\t\t<div class=\"elementor-container elementor-column-gap-default\">\n\t\t\t\t\t<div class=\"elementor-column elementor-col-33 elementor-top-column elementor-element elementor-element-4d8a2a19\" data-id=\"4d8a2a19\" data-element_type=\"column\">\n\t\t\t<div class=\"elementor-widget-wrap elementor-element-populated\">\n\t\t\t\t\t\t<div class=\"elementor-element elementor-element-413fa3d4 elementor-widget elementor-widget-heading\" data-id=\"413fa3d4\" data-element_type=\"widget\" data-widget_type=\"heading.default\">\n\t\t\t\t<div class=\"elementor-widget-container\">\n\t\t\t<h3 class=\"elementor-heading-title elementor-size-default\">VERS\u00cdCULO PARA MEMORIZAR<\/h3>\t\t<\/div>\n\t\t\t\t<\/div>\n\t\t\t\t\t<\/div>\n\t\t<\/div>\n\t\t\t\t<div class=\"elementor-column elementor-col-66 elementor-top-column elementor-element elementor-element-32a6f992\" data-id=\"32a6f992\" data-element_type=\"column\">\n\t\t\t<div class=\"elementor-widget-wrap elementor-element-populated\">\n\t\t\t\t\t\t<div class=\"elementor-element elementor-element-f0bc401 elementor-widget elementor-widget-text-editor\" data-id=\"f0bc401\" data-element_type=\"widget\" data-widget_type=\"text-editor.default\">\n\t\t\t\t<div class=\"elementor-widget-container\">\n\t\t\t\t\t\t\t<p style=\"text-align: center;\">\u201cHar\u00e1s adem\u00e1s una l\u00e1mina de oro fino, y grabar\u00e1s en ella como grabadura de sello, SANTIDAD A JEHOV\u00c1\u201d (Ver. 36).<\/p>\t\t\t\t\t\t<\/div>\n\t\t\t\t<\/div>\n\t\t\t\t\t<\/div>\n\t\t<\/div>\n\t\t\t\t\t<\/div>\n\t\t<\/section>\n\t\t\t\t<section class=\"elementor-section elementor-top-section elementor-element elementor-element-209a3587 elementor-section-boxed elementor-section-height-default elementor-section-height-default\" data-id=\"209a3587\" data-element_type=\"section\">\n\t\t\t\t\t\t<div class=\"elementor-container elementor-column-gap-default\">\n\t\t\t\t\t<div class=\"elementor-column elementor-col-100 elementor-top-column elementor-element elementor-element-5674c65\" data-id=\"5674c65\" data-element_type=\"column\">\n\t\t\t<div class=\"elementor-widget-wrap elementor-element-populated\">\n\t\t\t\t\t\t<div class=\"elementor-element elementor-element-1b6aab2a elementor-widget-divider--view-line elementor-widget elementor-widget-divider\" data-id=\"1b6aab2a\" data-element_type=\"widget\" data-widget_type=\"divider.default\">\n\t\t\t\t<div class=\"elementor-widget-container\">\n\t\t\t\t\t<div class=\"elementor-divider\">\n\t\t\t<span class=\"elementor-divider-separator\">\n\t\t\t\t\t\t<\/span>\n\t\t<\/div>\n\t\t\t\t<\/div>\n\t\t\t\t<\/div>\n\t\t\t\t\t<\/div>\n\t\t<\/div>\n\t\t\t\t\t<\/div>\n\t\t<\/section>\n\t\t\t\t<section class=\"elementor-section elementor-top-section elementor-element elementor-element-52d0763a elementor-section-boxed elementor-section-height-default elementor-section-height-default\" data-id=\"52d0763a\" data-element_type=\"section\">\n\t\t\t\t\t\t<div class=\"elementor-container elementor-column-gap-default\">\n\t\t\t\t\t<div class=\"elementor-column elementor-col-100 elementor-top-column elementor-element elementor-element-14cc8850\" data-id=\"14cc8850\" data-element_type=\"column\">\n\t\t\t<div class=\"elementor-widget-wrap elementor-element-populated\">\n\t\t\t\t\t\t<div class=\"elementor-element elementor-element-35a861ac elementor-widget elementor-widget-heading\" data-id=\"35a861ac\" data-element_type=\"widget\" data-widget_type=\"heading.default\">\n\t\t\t\t<div class=\"elementor-widget-container\">\n\t\t\t<h3 class=\"elementor-heading-title elementor-size-default\">COMENTARIO HIST\u00d3RICO - CAP\u00cdTULO 28 DE \u00c9XODO<\/h3>\t\t<\/div>\n\t\t\t\t<\/div>\n\t\t\t\t\t<\/div>\n\t\t<\/div>\n\t\t\t\t\t<\/div>\n\t\t<\/section>\n\t\t\t\t<section class=\"elementor-section elementor-top-section elementor-element elementor-element-4a5a91a6 elementor-section-boxed elementor-section-height-default elementor-section-height-default\" data-id=\"4a5a91a6\" data-element_type=\"section\">\n\t\t\t\t\t\t<div class=\"elementor-container elementor-column-gap-default\">\n\t\t\t\t\t<div class=\"elementor-column elementor-col-100 elementor-top-column elementor-element elementor-element-1e6638f\" data-id=\"1e6638f\" data-element_type=\"column\">\n\t\t\t<div class=\"elementor-widget-wrap elementor-element-populated\">\n\t\t\t\t\t\t<div class=\"elementor-element elementor-element-581f0678 elementor-widget elementor-widget-text-editor\" data-id=\"581f0678\" data-element_type=\"widget\" data-widget_type=\"text-editor.default\">\n\t\t\t\t<div class=\"elementor-widget-container\">\n\t\t\t\t\t\t\t<p>En este cap\u00edtulo, se describe la vestimenta que deb\u00edan usar los sacerdotes y el sumo sacerdote. La vestimenta de los sacerdotes fue confeccionada y bordada con los mismos materiales usados en la construcci\u00f3n del cortinaje del santuario: oro, p\u00farpura, carmes\u00ed y lino e hilos de color azul:<\/p><ol><li><b>El efod <\/b>fue tejido con hilos de lino, oro y p\u00farpura, ten\u00eda dos piedras de \u00f3nice, en el que se grab\u00f3 los nombres de las doce tribus de Israel;<\/li><li><b>El pectoral <\/b>ten\u00eda doce piedras, cada una llevaba el nombre de uno de los hijos de Jacob. Adem\u00e1s, a los costados del pectoral se colocaron las piedras del Urim y Thummim, mediante ellas, se manifestaba la voluntad de Dios;<\/li><li><b>El manto <\/b>era de p\u00farpura, ten\u00eda una abertura en el centro, por la cual se met\u00eda la cabeza, y estaba formada cuidadosamente de una sola pieza, con campanillas de oro en los bordes;<\/li><li><b>La t\u00fanica <\/b>era de lino fino, y ten\u00eda un cintur\u00f3n con un bordado fino de diversos colores;<\/li><li><b>La mitra <\/b>era de lino con una l\u00e1mina de oro con el grabado de \u201cSantidad al Se\u00f1or\u201d. La SANTIDAD A JEHOV\u00c1, debe ser la caracter\u00edstica de todas las generaciones de creyentes que han confesado sus pecados, han recibido el perd\u00f3n celestial, y viven una vida trasformada por el poder del Esp\u00edritu Santo. Cuando Jes\u00fas vuelva en su segunda venida, podr\u00e1 \u201cSobre la cabeza de los vencedores, Jes\u00fas coloca con su propia diestra la corona de gloria. Cada cual recibe una corona que lleva su propio \u201cnombre nuevo\u201d (Apoc 2:17), y la inscripci\u00f3n: \u201cSantidad a Jehov\u00e1\u201d.\u00a0 (CS 628).<\/li><\/ol>\t\t\t\t\t\t<\/div>\n\t\t\t\t<\/div>\n\t\t\t\t\t<\/div>\n\t\t<\/div>\n\t\t\t\t\t<\/div>\n\t\t<\/section>\n\t\t\t\t<section class=\"elementor-section elementor-top-section elementor-element elementor-element-6ef34ff3 elementor-section-boxed elementor-section-height-default elementor-section-height-default\" data-id=\"6ef34ff3\" data-element_type=\"section\">\n\t\t\t\t\t\t<div class=\"elementor-container elementor-column-gap-default\">\n\t\t\t\t\t<div class=\"elementor-column elementor-col-100 elementor-top-column elementor-element elementor-element-79e5452\" data-id=\"79e5452\" data-element_type=\"column\">\n\t\t\t<div class=\"elementor-widget-wrap elementor-element-populated\">\n\t\t\t\t\t\t<div class=\"elementor-element elementor-element-d56d400 elementor-widget elementor-widget-heading\" data-id=\"d56d400\" data-element_type=\"widget\" data-widget_type=\"heading.default\">\n\t\t\t\t<div class=\"elementor-widget-container\">\n\t\t\t<h3 class=\"elementor-heading-title elementor-size-default\">CITA SELECTA - CRISTO EN SU SANTUARIO, P\u00c1G. 33<\/h3>\t\t<\/div>\n\t\t\t\t<\/div>\n\t\t\t\t\t<\/div>\n\t\t<\/div>\n\t\t\t\t\t<\/div>\n\t\t<\/section>\n\t\t\t\t<section class=\"elementor-section elementor-top-section elementor-element elementor-element-598d5bd5 elementor-section-boxed elementor-section-height-default elementor-section-height-default\" data-id=\"598d5bd5\" data-element_type=\"section\">\n\t\t\t\t\t\t<div class=\"elementor-container elementor-column-gap-default\">\n\t\t\t\t\t<div class=\"elementor-column elementor-col-100 elementor-top-column elementor-element elementor-element-3e872371\" data-id=\"3e872371\" data-element_type=\"column\">\n\t\t\t<div class=\"elementor-widget-wrap elementor-element-populated\">\n\t\t\t\t\t\t<div class=\"elementor-element elementor-element-161eb288 elementor-widget elementor-widget-text-editor\" data-id=\"161eb288\" data-element_type=\"widget\" data-widget_type=\"text-editor.default\">\n\t\t\t\t<div class=\"elementor-widget-container\">\n\t\t\t\t\t\t\t<p>\u201cLa mitra del sumo sacerdote consist\u00eda en un turbante de lino blanco que ten\u00eda una plaquita de oro, sostenida por una cinta azul, con la inscripci\u00f3n: \u201cSantidad a Jehov\u00e1\u201d. Todo lo relacionado con la indumentaria y la conducta de los sacerdotes deb\u00eda de ser tal naturaleza que impresionara al espectador con un sentido de la\u00a0santidad\u00a0de Dios, de lo sagrado de su culto y de la pureza que se exig\u00eda de quienes se allegaran\u00a0a\u00a0su presencia\u201d.\u00a0<\/p>\t\t\t\t\t\t<\/div>\n\t\t\t\t<\/div>\n\t\t\t\t\t<\/div>\n\t\t<\/div>\n\t\t\t\t\t<\/div>\n\t\t<\/section>\n\t\t\t\t<section class=\"elementor-section elementor-top-section elementor-element elementor-element-59059b50 elementor-section-boxed elementor-section-height-default elementor-section-height-default\" data-id=\"59059b50\" data-element_type=\"section\">\n\t\t\t\t\t\t<div class=\"elementor-container elementor-column-gap-default\">\n\t\t\t\t\t<div class=\"elementor-column elementor-col-100 elementor-top-column elementor-element elementor-element-4775a4b3\" data-id=\"4775a4b3\" data-element_type=\"column\">\n\t\t\t<div class=\"elementor-widget-wrap elementor-element-populated\">\n\t\t\t\t\t\t<div class=\"elementor-element elementor-element-a96c06a elementor-widget elementor-widget-heading\" data-id=\"a96c06a\" data-element_type=\"widget\" data-widget_type=\"heading.default\">\n\t\t\t\t<div class=\"elementor-widget-container\">\n\t\t\t<h3 class=\"elementor-heading-title elementor-size-default\">ORACI\u00d3N<\/h3>\t\t<\/div>\n\t\t\t\t<\/div>\n\t\t\t\t\t<\/div>\n\t\t<\/div>\n\t\t\t\t\t<\/div>\n\t\t<\/section>\n\t\t\t\t<section class=\"elementor-section elementor-top-section elementor-element elementor-element-71c19ac9 elementor-section-boxed elementor-section-height-default elementor-section-height-default\" data-id=\"71c19ac9\" data-element_type=\"section\">\n\t\t\t\t\t\t<div class=\"elementor-container elementor-column-gap-default\">\n\t\t\t\t\t<div class=\"elementor-column elementor-col-100 elementor-top-column elementor-element elementor-element-3a6662ae\" data-id=\"3a6662ae\" data-element_type=\"column\">\n\t\t\t<div class=\"elementor-widget-wrap elementor-element-populated\">\n\t\t\t\t\t\t<div class=\"elementor-element elementor-element-60d17ef8 elementor-widget elementor-widget-text-editor\" data-id=\"60d17ef8\" data-element_type=\"widget\" data-widget_type=\"text-editor.default\">\n\t\t\t\t<div class=\"elementor-widget-container\">\n\t\t\t\t\t\t\t<p>DIOS SANTO, AL LEER EN ESTE CAP\u00cdTULO LA SANTIDAD INTEGRAL QUE SE EXIG\u00cdA A LOS SACERDOTES, ROGAMOS QUE LOS L\u00cdDERES DE TU IGLESIA, AS\u00cd COMO LOS MIEMBROS DE TU IGLESIA, NOS SANTIFIQUE Y QUE NOS ALEJA DE TODO PECADO PARA SER SANTOS. POR JES\u00daS, AM\u00c9N.\u00a0<\/p>\t\t\t\t\t\t<\/div>\n\t\t\t\t<\/div>\n\t\t\t\t\t<\/div>\n\t\t<\/div>\n\t\t\t\t\t<\/div>\n\t\t<\/section>\n\t\t\t\t<section class=\"elementor-section elementor-top-section elementor-element elementor-element-6b6e4297 elementor-section-boxed elementor-section-height-default elementor-section-height-default\" data-id=\"6b6e4297\" data-element_type=\"section\">\n\t\t\t\t\t\t<div class=\"elementor-container elementor-column-gap-default\">\n\t\t\t\t\t<div class=\"elementor-column elementor-col-100 elementor-top-column elementor-element elementor-element-155082c5\" data-id=\"155082c5\" data-element_type=\"column\">\n\t\t\t<div class=\"elementor-widget-wrap elementor-element-populated\">\n\t\t\t\t\t\t<div class=\"elementor-element elementor-element-31cbc30a elementor-widget elementor-widget-html\" data-id=\"31cbc30a\" data-element_type=\"widget\" data-widget_type=\"html.default\">\n\t\t\t\t<div class=\"elementor-widget-container\">\n\t\t\t<iframe width=\"100%\" height=\"166\" scrolling=\"no\" frameborder=\"no\" allow=\"autoplay\" src=\"https:\/\/w.soundcloud.com\/player\/?url=https%3A\/\/api.soundcloud.com\/tracks\/1239484396&color=%23ff5500&auto_play=true&hide_related=false&show_comments=false&show_user=true&show_reposts=false&show_teaser=true\"><\/iframe><div style=\"font-size: 10px; color: #cccccc;line-break: anywhere;word-break: normal;overflow: hidden;white-space: nowrap;text-overflow: ellipsis; font-family: Interstate,Lucida Grande,Lucida Sans Unicode,Lucida Sans,Garuda,Verdana,Tahoma,sans-serif;font-weight: 100;\"><a href=\"https:\/\/soundcloud.com\/centro-white-unadeca-1\" title=\"Escuela de Teolog\u00eda, UNADECA\" target=\"_blank\" style=\"color: #cccccc; text-decoration: none;\">Escuela de Teolog\u00eda, UNADECA<\/a> \u00b7 <a href=\"https:\/\/soundcloud.com\/centro-white-unadeca-1\/20220401-exodo28\" title=\"20220401 Exodo28\" target=\"_blank\" style=\"color: #cccccc; text-decoration: none;\">20220401 Exodo28<\/a><\/div>\t\t<\/div>\n\t\t\t\t<\/div>\n\t\t\t\t\t<\/div>\n\t\t<\/div>\n\t\t\t\t\t<\/div>\n\t\t<\/section>\n\t\t\t\t<\/div>\n\t\t","protected":false},"excerpt":{"rendered":"<p>DIOS DESEA QUE SUS SEGUIDORES VIVAMOS EN \u201cSANTIDAD A JEHOV\u00c1\u201d VERS\u00cdCULO PARA MEMORIZAR \u201cHar\u00e1s adem\u00e1s una l\u00e1mina de oro fino, y grabar\u00e1s en ella como grabadura de sello, SANTIDAD A JEHOV\u00c1\u201d (Ver. 36). COMENTARIO HIST\u00d3RICO &#8211; CAP\u00cdTULO 28 DE \u00c9XODO En este cap\u00edtulo, se describe la vestimenta que deb\u00edan usar los sacerdotes y el sumo [&hellip;]<\/p>\n","protected":false},"author":1,"featured_media":0,"comment_status":"open","ping_status":"open","sticky":false,"template":"","format":"standard","meta":{"_eb_attr":"","site-sidebar-layout":"default","site-content-layout":"","ast-site-content-layout":"","site-content-style":"default","site-sidebar-style":"default","ast-global-header-display":"","ast-banner-title-visibility":"","ast-main-header-display":"","ast-hfb-above-header-display":"","ast-hfb-below-header-display":"","ast-hfb-mobile-header-display":"","site-post-title":"","ast-breadcrumbs-content":"","ast-featured-img":"","footer-sml-layout":"","theme-transparent-header-meta":"","adv-header-id-meta":"","stick-header-meta":"","header-above-stick-meta":"","header-main-stick-meta":"","header-below-stick-meta":"","astra-migrate-meta-layouts":"default","ast-page-background-enabled":"default","ast-page-background-meta":{"desktop":{"background-color":"var(--ast-global-color-4)","background-image":"","background-repeat":"repeat","background-position":"center center","background-size":"auto","background-attachment":"scroll","background-type":"","background-media":"","overlay-type":"","overlay-color":"","overlay-gradient":""},"tablet":{"background-color":"","background-image":"","background-repeat":"repeat","background-position":"center center","background-size":"auto","background-attachment":"scroll","background-type":"","background-media":"","overlay-type":"","overlay-color":"","overlay-gradient":""},"mobile":{"background-color":"","background-image":"","background-repeat":"repeat","background-position":"center center","background-size":"auto","background-attachment":"scroll","background-type":"","background-media":"","overlay-type":"","overlay-color":"","overlay-gradient":""}},"ast-content-background-meta":{"desktop":{"background-color":"var(--ast-global-color-5)","background-image":"","background-repeat":"repeat","background-position":"center center","background-size":"auto","background-attachment":"scroll","background-type":"","background-media":"","overlay-type":"","overlay-color":"","overlay-gradient":""},"tablet":{"background-color":"var(--ast-global-color-5)","background-image":"","background-repeat":"repeat","background-position":"center center","background-size":"auto","background-attachment":"scroll","background-type":"","background-media":"","overlay-type":"","overlay-color":"","overlay-gradient":""},"mobile":{"background-color":"var(--ast-global-color-5)","background-image":"","background-repeat":"repeat","background-position":"center center","background-size":"auto","background-attachment":"scroll","background-type":"","background-media":"","overlay-type":"","overlay-color":"","overlay-gradient":""}},"footnotes":""},"categories":[1],"tags":[],"class_list":["post-224532","post","type-post","status-publish","format-standard","hentry","category-atentos"],"_links":{"self":[{"href":"http:\/\/unadeca.ac.cr\/teologia\/wp-json\/wp\/v2\/posts\/224532","targetHints":{"allow":["GET"]}}],"collection":[{"href":"http:\/\/unadeca.ac.cr\/teologia\/wp-json\/wp\/v2\/posts"}],"about":[{"href":"http:\/\/unadeca.ac.cr\/teologia\/wp-json\/wp\/v2\/types\/post"}],"author":[{"embeddable":true,"href":"http:\/\/unadeca.ac.cr\/teologia\/wp-json\/wp\/v2\/users\/1"}],"replies":[{"embeddable":true,"href":"http:\/\/unadeca.ac.cr\/teologia\/wp-json\/wp\/v2\/comments?post=224532"}],"version-history":[{"count":5,"href":"http:\/\/unadeca.ac.cr\/teologia\/wp-json\/wp\/v2\/posts\/224532\/revisions"}],"predecessor-version":[{"id":224537,"href":"http:\/\/unadeca.ac.cr\/teologia\/wp-json\/wp\/v2\/posts\/224532\/revisions\/224537"}],"wp:attachment":[{"href":"http:\/\/unadeca.ac.cr\/teologia\/wp-json\/wp\/v2\/media?parent=224532"}],"wp:term":[{"taxonomy":"category","embeddable":true,"href":"http:\/\/unadeca.ac.cr\/teologia\/wp-json\/wp\/v2\/categories?post=224532"},{"taxonomy":"post_tag","embeddable":true,"href":"http:\/\/unadeca.ac.cr\/teologia\/wp-json\/wp\/v2\/tags?post=224532"}],"curies":[{"name":"wp","href":"https:\/\/api.w.org\/{rel}","templated":true}]}}