{"id":224544,"date":"2022-04-03T00:00:00","date_gmt":"2022-04-03T00:00:00","guid":{"rendered":"https:\/\/unadeca.ac.cr\/teologia\/?p=224544"},"modified":"2022-03-27T02:09:01","modified_gmt":"2022-03-27T02:09:01","slug":"exodo-30-3-abril-2022","status":"publish","type":"post","link":"http:\/\/unadeca.ac.cr\/teologia\/2022\/04\/03\/exodo-30-3-abril-2022\/","title":{"rendered":"\u00c9XODO 30 &#8211; 3 ABRIL 2022"},"content":{"rendered":"\t\t<div data-elementor-type=\"wp-post\" data-elementor-id=\"224544\" class=\"elementor elementor-224544\">\n\t\t\t\t\t\t<section class=\"elementor-section elementor-top-section elementor-element elementor-element-1895a426 elementor-section-boxed elementor-section-height-default elementor-section-height-default\" data-id=\"1895a426\" data-element_type=\"section\">\n\t\t\t\t\t\t<div class=\"elementor-container elementor-column-gap-default\">\n\t\t\t\t\t<div class=\"elementor-column elementor-col-100 elementor-top-column elementor-element elementor-element-2b12c481\" data-id=\"2b12c481\" data-element_type=\"column\">\n\t\t\t<div class=\"elementor-widget-wrap elementor-element-populated\">\n\t\t\t\t\t\t<div class=\"elementor-element elementor-element-44f09250 elementor-widget elementor-widget-heading\" data-id=\"44f09250\" data-element_type=\"widget\" data-widget_type=\"heading.default\">\n\t\t\t\t<div class=\"elementor-widget-container\">\n\t\t\t<h2 class=\"elementor-heading-title elementor-size-default\">EL ALTAR DEL INCIENSO Y DE LA FUENTE DE BRONCE<\/h2>\t\t<\/div>\n\t\t\t\t<\/div>\n\t\t\t\t\t<\/div>\n\t\t<\/div>\n\t\t\t\t\t<\/div>\n\t\t<\/section>\n\t\t\t\t<section class=\"elementor-section elementor-top-section elementor-element elementor-element-457c60c8 elementor-section-boxed elementor-section-height-default elementor-section-height-default\" data-id=\"457c60c8\" data-element_type=\"section\">\n\t\t\t\t\t\t<div class=\"elementor-container elementor-column-gap-default\">\n\t\t\t\t\t<div class=\"elementor-column elementor-col-100 elementor-top-column elementor-element elementor-element-30a5499f\" data-id=\"30a5499f\" data-element_type=\"column\">\n\t\t\t<div class=\"elementor-widget-wrap elementor-element-populated\">\n\t\t\t\t\t\t<div class=\"elementor-element elementor-element-41e03b4e elementor-widget-divider--view-line elementor-widget elementor-widget-divider\" data-id=\"41e03b4e\" data-element_type=\"widget\" data-widget_type=\"divider.default\">\n\t\t\t\t<div class=\"elementor-widget-container\">\n\t\t\t\t\t<div class=\"elementor-divider\">\n\t\t\t<span class=\"elementor-divider-separator\">\n\t\t\t\t\t\t<\/span>\n\t\t<\/div>\n\t\t\t\t<\/div>\n\t\t\t\t<\/div>\n\t\t\t\t\t<\/div>\n\t\t<\/div>\n\t\t\t\t\t<\/div>\n\t\t<\/section>\n\t\t\t\t<section class=\"elementor-section elementor-top-section elementor-element elementor-element-6943f0d1 elementor-section-boxed elementor-section-height-default elementor-section-height-default\" data-id=\"6943f0d1\" data-element_type=\"section\">\n\t\t\t\t\t\t<div class=\"elementor-container elementor-column-gap-default\">\n\t\t\t\t\t<div class=\"elementor-column elementor-col-33 elementor-top-column elementor-element elementor-element-6c5eaaff\" data-id=\"6c5eaaff\" data-element_type=\"column\">\n\t\t\t<div class=\"elementor-widget-wrap elementor-element-populated\">\n\t\t\t\t\t\t<div class=\"elementor-element elementor-element-574f605b elementor-widget elementor-widget-heading\" data-id=\"574f605b\" data-element_type=\"widget\" data-widget_type=\"heading.default\">\n\t\t\t\t<div class=\"elementor-widget-container\">\n\t\t\t<h3 class=\"elementor-heading-title elementor-size-default\">VERS\u00cdCULO PARA MEMORIZAR<\/h3>\t\t<\/div>\n\t\t\t\t<\/div>\n\t\t\t\t\t<\/div>\n\t\t<\/div>\n\t\t\t\t<div class=\"elementor-column elementor-col-66 elementor-top-column elementor-element elementor-element-4540a504\" data-id=\"4540a504\" data-element_type=\"column\">\n\t\t\t<div class=\"elementor-widget-wrap elementor-element-populated\">\n\t\t\t\t\t\t<div class=\"elementor-element elementor-element-21ac0084 elementor-widget elementor-widget-text-editor\" data-id=\"21ac0084\" data-element_type=\"widget\" data-widget_type=\"text-editor.default\">\n\t\t\t\t<div class=\"elementor-widget-container\">\n\t\t\t\t\t\t\t<p style=\"text-align: center;\">\u201cY sobre sus cuernos har\u00e1 Aar\u00f3n expiaci\u00f3n una vez en el a\u00f1o con la sangre del sacrificio por el pecado para expiaci\u00f3n; una vez en el a\u00f1o har\u00e1 expiaci\u00f3n sobre \u00e9l por vuestras generaciones; ser\u00e1 muy santo a Jehov\u00e1\u201d (Ver. 10).<\/p>\t\t\t\t\t\t<\/div>\n\t\t\t\t<\/div>\n\t\t\t\t\t<\/div>\n\t\t<\/div>\n\t\t\t\t\t<\/div>\n\t\t<\/section>\n\t\t\t\t<section class=\"elementor-section elementor-top-section elementor-element elementor-element-5ca0d4ee elementor-section-boxed elementor-section-height-default elementor-section-height-default\" data-id=\"5ca0d4ee\" data-element_type=\"section\">\n\t\t\t\t\t\t<div class=\"elementor-container elementor-column-gap-default\">\n\t\t\t\t\t<div class=\"elementor-column elementor-col-100 elementor-top-column elementor-element elementor-element-7b32af25\" data-id=\"7b32af25\" data-element_type=\"column\">\n\t\t\t<div class=\"elementor-widget-wrap elementor-element-populated\">\n\t\t\t\t\t\t<div class=\"elementor-element elementor-element-1e008303 elementor-widget-divider--view-line elementor-widget elementor-widget-divider\" data-id=\"1e008303\" data-element_type=\"widget\" data-widget_type=\"divider.default\">\n\t\t\t\t<div class=\"elementor-widget-container\">\n\t\t\t\t\t<div class=\"elementor-divider\">\n\t\t\t<span class=\"elementor-divider-separator\">\n\t\t\t\t\t\t<\/span>\n\t\t<\/div>\n\t\t\t\t<\/div>\n\t\t\t\t<\/div>\n\t\t\t\t\t<\/div>\n\t\t<\/div>\n\t\t\t\t\t<\/div>\n\t\t<\/section>\n\t\t\t\t<section class=\"elementor-section elementor-top-section elementor-element elementor-element-4e4368b1 elementor-section-boxed elementor-section-height-default elementor-section-height-default\" data-id=\"4e4368b1\" data-element_type=\"section\">\n\t\t\t\t\t\t<div class=\"elementor-container elementor-column-gap-default\">\n\t\t\t\t\t<div class=\"elementor-column elementor-col-100 elementor-top-column elementor-element elementor-element-4fe45ead\" data-id=\"4fe45ead\" data-element_type=\"column\">\n\t\t\t<div class=\"elementor-widget-wrap elementor-element-populated\">\n\t\t\t\t\t\t<div class=\"elementor-element elementor-element-105c4976 elementor-widget elementor-widget-heading\" data-id=\"105c4976\" data-element_type=\"widget\" data-widget_type=\"heading.default\">\n\t\t\t\t<div class=\"elementor-widget-container\">\n\t\t\t<h3 class=\"elementor-heading-title elementor-size-default\">COMENTARIO HIST\u00d3RICO - CAP\u00cdTULO 30 DE \u00c9XODO<\/h3>\t\t<\/div>\n\t\t\t\t<\/div>\n\t\t\t\t\t<\/div>\n\t\t<\/div>\n\t\t\t\t\t<\/div>\n\t\t<\/section>\n\t\t\t\t<section class=\"elementor-section elementor-top-section elementor-element elementor-element-b1e4ab7 elementor-section-boxed elementor-section-height-default elementor-section-height-default\" data-id=\"b1e4ab7\" data-element_type=\"section\">\n\t\t\t\t\t\t<div class=\"elementor-container elementor-column-gap-default\">\n\t\t\t\t\t<div class=\"elementor-column elementor-col-100 elementor-top-column elementor-element elementor-element-110cad00\" data-id=\"110cad00\" data-element_type=\"column\">\n\t\t\t<div class=\"elementor-widget-wrap elementor-element-populated\">\n\t\t\t\t\t\t<div class=\"elementor-element elementor-element-1de92c69 elementor-widget elementor-widget-text-editor\" data-id=\"1de92c69\" data-element_type=\"widget\" data-widget_type=\"text-editor.default\">\n\t\t\t\t<div class=\"elementor-widget-container\">\n\t\t\t\t\t\t\t<ol><li><strong>EL ALTAR DEL INCIENSO:<\/strong> fue construido de madera de acacia recubierto con oro puro, med\u00eda 48 cent\u00edmetros de ancho y 96 cent\u00edmetros de altura. Este altar fue colocado en el lugar santo junto a la mesa de oro y al candelabro. Aunque en forma f\u00edsica el altar del incienso estaba ubicado en el lugar santo, su funci\u00f3n estaba ligada al lugar sant\u00edsimo, donde se encontraba la presencia de Dios en el arca, sobre el propiciatorio. El altar del incienso no se coloc\u00f3 en el lugar sant\u00edsimo, porque solo se entraba una vez al a\u00f1o, sin embargo, se deb\u00eda quemar incienso arom\u00e1tico en el altar el incienso dos veces al d\u00eda. El incienso, cuya fragancia entraba al lugar sant\u00edsimo, simbolizan las oraciones que se elevan al trono de Dios para ser escuchadas y respondidas por nuestro Padre Celestial;<\/li><li><strong>LA FUENTE DE BRONCE.-<\/strong> La fuente estaba colocada en el atrio, entre el altar de bronce y el tabern\u00e1culo. La fuente fue construida de bronce, y el origen de este metal se encuentra en la donaci\u00f3n que hicieron las mujeres que velaban a la puerta del tabern\u00e1culo, tal como se nos dice en \u00c9xodo 38:8: \u201cDichas mujeres donaron sus espejos, que eran de bronce, para que fueran fundidos a fin de que la fuente se hiciera. Hay que recordar que los espejos de aquel tiempo no eran como los nuestros, ya que los espejos de vidrio no exist\u00edan en aquel entonces. Los pueblos antiguos tuvieron que recurrir a metales pulidos como ser bronce, plata, u oro, en el que no se ve\u00eda con claridad el rostro, por esa raz\u00f3n, Pablo declara: \u201cAhora vemos por espejo, oscuramente\u201d. La lecci\u00f3n que nos deja la fuente de bronce es que debemos desprendernos de lo que m\u00e1s amamos para para dedicarlo a la Obra de Dios.<\/li><\/ol>\t\t\t\t\t\t<\/div>\n\t\t\t\t<\/div>\n\t\t\t\t\t<\/div>\n\t\t<\/div>\n\t\t\t\t\t<\/div>\n\t\t<\/section>\n\t\t\t\t<section class=\"elementor-section elementor-top-section elementor-element elementor-element-1bf50679 elementor-section-boxed elementor-section-height-default elementor-section-height-default\" data-id=\"1bf50679\" data-element_type=\"section\">\n\t\t\t\t\t\t<div class=\"elementor-container elementor-column-gap-default\">\n\t\t\t\t\t<div class=\"elementor-column elementor-col-100 elementor-top-column elementor-element elementor-element-bc7bea3\" data-id=\"bc7bea3\" data-element_type=\"column\">\n\t\t\t<div class=\"elementor-widget-wrap elementor-element-populated\">\n\t\t\t\t\t\t<div class=\"elementor-element elementor-element-512b6c4a elementor-widget elementor-widget-heading\" data-id=\"512b6c4a\" data-element_type=\"widget\" data-widget_type=\"heading.default\">\n\t\t\t\t<div class=\"elementor-widget-container\">\n\t\t\t<h3 class=\"elementor-heading-title elementor-size-default\">CITA SELECTA - PATRIARCAS Y PROFETAS, P\u00c1G. 428<\/h3>\t\t<\/div>\n\t\t\t\t<\/div>\n\t\t\t\t\t<\/div>\n\t\t<\/div>\n\t\t\t\t\t<\/div>\n\t\t<\/section>\n\t\t\t\t<section class=\"elementor-section elementor-top-section elementor-element elementor-element-2c7fbb16 elementor-section-boxed elementor-section-height-default elementor-section-height-default\" data-id=\"2c7fbb16\" data-element_type=\"section\">\n\t\t\t\t\t\t<div class=\"elementor-container elementor-column-gap-default\">\n\t\t\t\t\t<div class=\"elementor-column elementor-col-100 elementor-top-column elementor-element elementor-element-5dcd2093\" data-id=\"5dcd2093\" data-element_type=\"column\">\n\t\t\t<div class=\"elementor-widget-wrap elementor-element-populated\">\n\t\t\t\t\t\t<div class=\"elementor-element elementor-element-494de35d elementor-widget elementor-widget-text-editor\" data-id=\"494de35d\" data-element_type=\"widget\" data-widget_type=\"text-editor.default\">\n\t\t\t\t<div class=\"elementor-widget-container\">\n\t\t\t\t\t\t\t<p>\u201c\u201cEl incienso, que ascend\u00eda con las oraciones de Israel, representaba los m\u00e9ritos y la intercesi\u00f3n de Cristo, su perfecta justicia, la cual por medio de la fe es acreditada a su pueblo, y es lo \u00fanico que puede hacer el culto de los seres humanos aceptable a Dios\u201d.<\/p>\t\t\t\t\t\t<\/div>\n\t\t\t\t<\/div>\n\t\t\t\t\t<\/div>\n\t\t<\/div>\n\t\t\t\t\t<\/div>\n\t\t<\/section>\n\t\t\t\t<section class=\"elementor-section elementor-top-section elementor-element elementor-element-5c54cdad elementor-section-boxed elementor-section-height-default elementor-section-height-default\" data-id=\"5c54cdad\" data-element_type=\"section\">\n\t\t\t\t\t\t<div class=\"elementor-container elementor-column-gap-default\">\n\t\t\t\t\t<div class=\"elementor-column elementor-col-100 elementor-top-column elementor-element elementor-element-316e9630\" data-id=\"316e9630\" data-element_type=\"column\">\n\t\t\t<div class=\"elementor-widget-wrap elementor-element-populated\">\n\t\t\t\t\t\t<div class=\"elementor-element elementor-element-4ad30af6 elementor-widget elementor-widget-heading\" data-id=\"4ad30af6\" data-element_type=\"widget\" data-widget_type=\"heading.default\">\n\t\t\t\t<div class=\"elementor-widget-container\">\n\t\t\t<h3 class=\"elementor-heading-title elementor-size-default\">ORACI\u00d3N<\/h3>\t\t<\/div>\n\t\t\t\t<\/div>\n\t\t\t\t\t<\/div>\n\t\t<\/div>\n\t\t\t\t\t<\/div>\n\t\t<\/section>\n\t\t\t\t<section class=\"elementor-section elementor-top-section elementor-element elementor-element-9cb6eaa elementor-section-boxed elementor-section-height-default elementor-section-height-default\" data-id=\"9cb6eaa\" data-element_type=\"section\">\n\t\t\t\t\t\t<div class=\"elementor-container elementor-column-gap-default\">\n\t\t\t\t\t<div class=\"elementor-column elementor-col-100 elementor-top-column elementor-element elementor-element-5ce1efdb\" data-id=\"5ce1efdb\" data-element_type=\"column\">\n\t\t\t<div class=\"elementor-widget-wrap elementor-element-populated\">\n\t\t\t\t\t\t<div class=\"elementor-element elementor-element-652a0bde elementor-widget elementor-widget-text-editor\" data-id=\"652a0bde\" data-element_type=\"widget\" data-widget_type=\"text-editor.default\">\n\t\t\t\t<div class=\"elementor-widget-container\">\n\t\t\t\t\t\t\t<p>PADRE, TE DAMOS GRACIAS PORQUE ESCUCHAS NUESTRAS ORACIONES. TE SUPLICAMOS QUE LAS ORACIONES QUE ELEVAMOS DESDE DIFERENTES PA\u00cdSES POR LA PAZ EN TODO EL MUNDO, PUEDAN SER ESCUCHADAS DESDE TU TRONO, PARA QUE LAS PERSONAS NO SUFRAN. POR JES\u00daS, AM\u00c9N.\u00a0<\/p>\t\t\t\t\t\t<\/div>\n\t\t\t\t<\/div>\n\t\t\t\t\t<\/div>\n\t\t<\/div>\n\t\t\t\t\t<\/div>\n\t\t<\/section>\n\t\t\t\t<section class=\"elementor-section elementor-top-section elementor-element elementor-element-ea6ce25 elementor-section-boxed elementor-section-height-default elementor-section-height-default\" data-id=\"ea6ce25\" data-element_type=\"section\">\n\t\t\t\t\t\t<div class=\"elementor-container elementor-column-gap-default\">\n\t\t\t\t\t<div class=\"elementor-column elementor-col-100 elementor-top-column elementor-element elementor-element-954626e\" data-id=\"954626e\" data-element_type=\"column\">\n\t\t\t<div class=\"elementor-widget-wrap elementor-element-populated\">\n\t\t\t\t\t\t<div class=\"elementor-element elementor-element-e12c59f elementor-widget elementor-widget-html\" data-id=\"e12c59f\" data-element_type=\"widget\" data-widget_type=\"html.default\">\n\t\t\t\t<div class=\"elementor-widget-container\">\n\t\t\t<iframe width=\"100%\" height=\"166\" scrolling=\"no\" frameborder=\"no\" allow=\"autoplay\" src=\"https:\/\/w.soundcloud.com\/player\/?url=https%3A\/\/api.soundcloud.com\/tracks\/1239484438&color=%23ff5500&auto_play=true&hide_related=false&show_comments=false&show_user=true&show_reposts=false&show_teaser=true\"><\/iframe><div style=\"font-size: 10px; color: #cccccc;line-break: anywhere;word-break: normal;overflow: hidden;white-space: nowrap;text-overflow: ellipsis; font-family: Interstate,Lucida Grande,Lucida Sans Unicode,Lucida Sans,Garuda,Verdana,Tahoma,sans-serif;font-weight: 100;\"><a href=\"https:\/\/soundcloud.com\/centro-white-unadeca-1\" title=\"Escuela de Teolog\u00eda, UNADECA\" target=\"_blank\" style=\"color: #cccccc; text-decoration: none;\">Escuela de Teolog\u00eda, UNADECA<\/a> \u00b7 <a href=\"https:\/\/soundcloud.com\/centro-white-unadeca-1\/20220403-exodo30\" title=\"20220403 Exodo30\" target=\"_blank\" style=\"color: #cccccc; text-decoration: none;\">20220403 Exodo30<\/a><\/div>\t\t<\/div>\n\t\t\t\t<\/div>\n\t\t\t\t\t<\/div>\n\t\t<\/div>\n\t\t\t\t\t<\/div>\n\t\t<\/section>\n\t\t\t\t<\/div>\n\t\t","protected":false},"excerpt":{"rendered":"<p>EL ALTAR DEL INCIENSO Y DE LA FUENTE DE BRONCE VERS\u00cdCULO PARA MEMORIZAR \u201cY sobre sus cuernos har\u00e1 Aar\u00f3n expiaci\u00f3n una vez en el a\u00f1o con la sangre del sacrificio por el pecado para expiaci\u00f3n; una vez en el a\u00f1o har\u00e1 expiaci\u00f3n sobre \u00e9l por vuestras generaciones; ser\u00e1 muy santo a Jehov\u00e1\u201d (Ver. 10). COMENTARIO [&hellip;]<\/p>\n","protected":false},"author":1,"featured_media":0,"comment_status":"open","ping_status":"open","sticky":false,"template":"","format":"standard","meta":{"_eb_attr":"","site-sidebar-layout":"default","site-content-layout":"","ast-site-content-layout":"","site-content-style":"default","site-sidebar-style":"default","ast-global-header-display":"","ast-banner-title-visibility":"","ast-main-header-display":"","ast-hfb-above-header-display":"","ast-hfb-below-header-display":"","ast-hfb-mobile-header-display":"","site-post-title":"","ast-breadcrumbs-content":"","ast-featured-img":"","footer-sml-layout":"","theme-transparent-header-meta":"","adv-header-id-meta":"","stick-header-meta":"","header-above-stick-meta":"","header-main-stick-meta":"","header-below-stick-meta":"","astra-migrate-meta-layouts":"default","ast-page-background-enabled":"default","ast-page-background-meta":{"desktop":{"background-color":"var(--ast-global-color-4)","background-image":"","background-repeat":"repeat","background-position":"center center","background-size":"auto","background-attachment":"scroll","background-type":"","background-media":"","overlay-type":"","overlay-color":"","overlay-gradient":""},"tablet":{"background-color":"","background-image":"","background-repeat":"repeat","background-position":"center center","background-size":"auto","background-attachment":"scroll","background-type":"","background-media":"","overlay-type":"","overlay-color":"","overlay-gradient":""},"mobile":{"background-color":"","background-image":"","background-repeat":"repeat","background-position":"center center","background-size":"auto","background-attachment":"scroll","background-type":"","background-media":"","overlay-type":"","overlay-color":"","overlay-gradient":""}},"ast-content-background-meta":{"desktop":{"background-color":"var(--ast-global-color-5)","background-image":"","background-repeat":"repeat","background-position":"center center","background-size":"auto","background-attachment":"scroll","background-type":"","background-media":"","overlay-type":"","overlay-color":"","overlay-gradient":""},"tablet":{"background-color":"var(--ast-global-color-5)","background-image":"","background-repeat":"repeat","background-position":"center center","background-size":"auto","background-attachment":"scroll","background-type":"","background-media":"","overlay-type":"","overlay-color":"","overlay-gradient":""},"mobile":{"background-color":"var(--ast-global-color-5)","background-image":"","background-repeat":"repeat","background-position":"center center","background-size":"auto","background-attachment":"scroll","background-type":"","background-media":"","overlay-type":"","overlay-color":"","overlay-gradient":""}},"footnotes":""},"categories":[1],"tags":[],"class_list":["post-224544","post","type-post","status-publish","format-standard","hentry","category-atentos"],"_links":{"self":[{"href":"http:\/\/unadeca.ac.cr\/teologia\/wp-json\/wp\/v2\/posts\/224544","targetHints":{"allow":["GET"]}}],"collection":[{"href":"http:\/\/unadeca.ac.cr\/teologia\/wp-json\/wp\/v2\/posts"}],"about":[{"href":"http:\/\/unadeca.ac.cr\/teologia\/wp-json\/wp\/v2\/types\/post"}],"author":[{"embeddable":true,"href":"http:\/\/unadeca.ac.cr\/teologia\/wp-json\/wp\/v2\/users\/1"}],"replies":[{"embeddable":true,"href":"http:\/\/unadeca.ac.cr\/teologia\/wp-json\/wp\/v2\/comments?post=224544"}],"version-history":[{"count":5,"href":"http:\/\/unadeca.ac.cr\/teologia\/wp-json\/wp\/v2\/posts\/224544\/revisions"}],"predecessor-version":[{"id":224549,"href":"http:\/\/unadeca.ac.cr\/teologia\/wp-json\/wp\/v2\/posts\/224544\/revisions\/224549"}],"wp:attachment":[{"href":"http:\/\/unadeca.ac.cr\/teologia\/wp-json\/wp\/v2\/media?parent=224544"}],"wp:term":[{"taxonomy":"category","embeddable":true,"href":"http:\/\/unadeca.ac.cr\/teologia\/wp-json\/wp\/v2\/categories?post=224544"},{"taxonomy":"post_tag","embeddable":true,"href":"http:\/\/unadeca.ac.cr\/teologia\/wp-json\/wp\/v2\/tags?post=224544"}],"curies":[{"name":"wp","href":"https:\/\/api.w.org\/{rel}","templated":true}]}}