{"id":224963,"date":"2022-05-16T00:00:00","date_gmt":"2022-05-16T00:00:00","guid":{"rendered":"https:\/\/unadeca.ac.cr\/teologia\/?p=224963"},"modified":"2022-05-09T00:15:17","modified_gmt":"2022-05-09T00:15:17","slug":"numeros-6-16-mayo-2022","status":"publish","type":"post","link":"http:\/\/unadeca.ac.cr\/teologia\/2022\/05\/16\/numeros-6-16-mayo-2022\/","title":{"rendered":"N\u00daMEROS 6 &#8211; 16 MAYO 2022"},"content":{"rendered":"\t\t<div data-elementor-type=\"wp-post\" data-elementor-id=\"224963\" class=\"elementor elementor-224963\">\n\t\t\t\t\t\t<section class=\"elementor-section elementor-top-section elementor-element elementor-element-412a4382 elementor-section-boxed elementor-section-height-default elementor-section-height-default\" data-id=\"412a4382\" data-element_type=\"section\">\n\t\t\t\t\t\t<div class=\"elementor-container elementor-column-gap-default\">\n\t\t\t\t\t<div class=\"elementor-column elementor-col-100 elementor-top-column elementor-element elementor-element-1bcb596a\" data-id=\"1bcb596a\" data-element_type=\"column\">\n\t\t\t<div class=\"elementor-widget-wrap elementor-element-populated\">\n\t\t\t\t\t\t<div class=\"elementor-element elementor-element-5e7efac4 elementor-widget elementor-widget-heading\" data-id=\"5e7efac4\" data-element_type=\"widget\" data-widget_type=\"heading.default\">\n\t\t\t\t<div class=\"elementor-widget-container\">\n\t\t\t<h2 class=\"elementor-heading-title elementor-size-default\">RECIBIR LA BENDICI\u00d3N SACERDOTAL\n<\/h2>\t\t<\/div>\n\t\t\t\t<\/div>\n\t\t\t\t\t<\/div>\n\t\t<\/div>\n\t\t\t\t\t<\/div>\n\t\t<\/section>\n\t\t\t\t<section class=\"elementor-section elementor-top-section elementor-element elementor-element-55515a94 elementor-section-boxed elementor-section-height-default elementor-section-height-default\" data-id=\"55515a94\" data-element_type=\"section\">\n\t\t\t\t\t\t<div class=\"elementor-container elementor-column-gap-default\">\n\t\t\t\t\t<div class=\"elementor-column elementor-col-100 elementor-top-column elementor-element elementor-element-1c444cc6\" data-id=\"1c444cc6\" data-element_type=\"column\">\n\t\t\t<div class=\"elementor-widget-wrap elementor-element-populated\">\n\t\t\t\t\t\t<div class=\"elementor-element elementor-element-5994d5f2 elementor-widget-divider--view-line elementor-widget elementor-widget-divider\" data-id=\"5994d5f2\" data-element_type=\"widget\" data-widget_type=\"divider.default\">\n\t\t\t\t<div class=\"elementor-widget-container\">\n\t\t\t\t\t<div class=\"elementor-divider\">\n\t\t\t<span class=\"elementor-divider-separator\">\n\t\t\t\t\t\t<\/span>\n\t\t<\/div>\n\t\t\t\t<\/div>\n\t\t\t\t<\/div>\n\t\t\t\t\t<\/div>\n\t\t<\/div>\n\t\t\t\t\t<\/div>\n\t\t<\/section>\n\t\t\t\t<section class=\"elementor-section elementor-top-section elementor-element elementor-element-ce82f90 elementor-section-boxed elementor-section-height-default elementor-section-height-default\" data-id=\"ce82f90\" data-element_type=\"section\">\n\t\t\t\t\t\t<div class=\"elementor-container elementor-column-gap-default\">\n\t\t\t\t\t<div class=\"elementor-column elementor-col-33 elementor-top-column elementor-element elementor-element-19d1d884\" data-id=\"19d1d884\" data-element_type=\"column\">\n\t\t\t<div class=\"elementor-widget-wrap elementor-element-populated\">\n\t\t\t\t\t\t<div class=\"elementor-element elementor-element-570bb139 elementor-widget elementor-widget-heading\" data-id=\"570bb139\" data-element_type=\"widget\" data-widget_type=\"heading.default\">\n\t\t\t\t<div class=\"elementor-widget-container\">\n\t\t\t<h3 class=\"elementor-heading-title elementor-size-default\">VERS\u00cdCULO PARA MEMORIZAR<\/h3>\t\t<\/div>\n\t\t\t\t<\/div>\n\t\t\t\t\t<\/div>\n\t\t<\/div>\n\t\t\t\t<div class=\"elementor-column elementor-col-66 elementor-top-column elementor-element elementor-element-392c71c\" data-id=\"392c71c\" data-element_type=\"column\">\n\t\t\t<div class=\"elementor-widget-wrap elementor-element-populated\">\n\t\t\t\t\t\t<div class=\"elementor-element elementor-element-4a9e4925 elementor-widget elementor-widget-text-editor\" data-id=\"4a9e4925\" data-element_type=\"widget\" data-widget_type=\"text-editor.default\">\n\t\t\t\t<div class=\"elementor-widget-container\">\n\t\t\t\t\t\t\t<p>\u201cJehov\u00e1 te bendiga, y te guarde; Jehov\u00e1 haga resplandecer su rostro sobre ti, y tenga de ti misericordia; Jehov\u00e1 alce sobre ti su rostro, y ponga en ti paz\u201d (Vers. 24-26).<\/p>\t\t\t\t\t\t<\/div>\n\t\t\t\t<\/div>\n\t\t\t\t\t<\/div>\n\t\t<\/div>\n\t\t\t\t\t<\/div>\n\t\t<\/section>\n\t\t\t\t<section class=\"elementor-section elementor-top-section elementor-element elementor-element-4543c9d6 elementor-section-boxed elementor-section-height-default elementor-section-height-default\" data-id=\"4543c9d6\" data-element_type=\"section\">\n\t\t\t\t\t\t<div class=\"elementor-container elementor-column-gap-default\">\n\t\t\t\t\t<div class=\"elementor-column elementor-col-100 elementor-top-column elementor-element elementor-element-daf6b21\" data-id=\"daf6b21\" data-element_type=\"column\">\n\t\t\t<div class=\"elementor-widget-wrap elementor-element-populated\">\n\t\t\t\t\t\t<div class=\"elementor-element elementor-element-16286bac elementor-widget-divider--view-line elementor-widget elementor-widget-divider\" data-id=\"16286bac\" data-element_type=\"widget\" data-widget_type=\"divider.default\">\n\t\t\t\t<div class=\"elementor-widget-container\">\n\t\t\t\t\t<div class=\"elementor-divider\">\n\t\t\t<span class=\"elementor-divider-separator\">\n\t\t\t\t\t\t<\/span>\n\t\t<\/div>\n\t\t\t\t<\/div>\n\t\t\t\t<\/div>\n\t\t\t\t\t<\/div>\n\t\t<\/div>\n\t\t\t\t\t<\/div>\n\t\t<\/section>\n\t\t\t\t<section class=\"elementor-section elementor-top-section elementor-element elementor-element-7c74c704 elementor-section-boxed elementor-section-height-default elementor-section-height-default\" data-id=\"7c74c704\" data-element_type=\"section\">\n\t\t\t\t\t\t<div class=\"elementor-container elementor-column-gap-default\">\n\t\t\t\t\t<div class=\"elementor-column elementor-col-100 elementor-top-column elementor-element elementor-element-257b7e3a\" data-id=\"257b7e3a\" data-element_type=\"column\">\n\t\t\t<div class=\"elementor-widget-wrap elementor-element-populated\">\n\t\t\t\t\t\t<div class=\"elementor-element elementor-element-3cbead91 elementor-widget elementor-widget-heading\" data-id=\"3cbead91\" data-element_type=\"widget\" data-widget_type=\"heading.default\">\n\t\t\t\t<div class=\"elementor-widget-container\">\n\t\t\t<h3 class=\"elementor-heading-title elementor-size-default\">COMENTARIO HIST\u00d3RICO - CAP\u00cdTULO 6 N\u00daMEROS<\/h3>\t\t<\/div>\n\t\t\t\t<\/div>\n\t\t\t\t\t<\/div>\n\t\t<\/div>\n\t\t\t\t\t<\/div>\n\t\t<\/section>\n\t\t\t\t<section class=\"elementor-section elementor-top-section elementor-element elementor-element-67c5f2a7 elementor-section-boxed elementor-section-height-default elementor-section-height-default\" data-id=\"67c5f2a7\" data-element_type=\"section\">\n\t\t\t\t\t\t<div class=\"elementor-container elementor-column-gap-default\">\n\t\t\t\t\t<div class=\"elementor-column elementor-col-100 elementor-top-column elementor-element elementor-element-5cbbab84\" data-id=\"5cbbab84\" data-element_type=\"column\">\n\t\t\t<div class=\"elementor-widget-wrap elementor-element-populated\">\n\t\t\t\t\t\t<div class=\"elementor-element elementor-element-132de5e elementor-widget elementor-widget-text-editor\" data-id=\"132de5e\" data-element_type=\"widget\" data-widget_type=\"text-editor.default\">\n\t\t\t\t<div class=\"elementor-widget-container\">\n\t\t\t\t\t\t\t<p>Muchos confunden el t\u00e9rmino nazareno con nazareato. Nazareno es el gentilicio de las personas que nac\u00edan o viv\u00edan en Nazaret; por ejemplo, a Cristo lo llamaban \u201cJes\u00fas de Nazaret,\u201d porque se hab\u00eda criado en ese lugar. Se llamaba \u201cNazareato\u201d al voto que hacia un hombre o una mujer para separarse del mundo por un tiempo determinado para servir a Dios. Se separaban de tres cosas: 1) del vino y de todo producto de la uva, porque su consumo tend\u00eda a inflamar las pasiones, intoxicar el cerebro y perder el raciocinio; 2) No pasaban navaja a sus cabezas dejando crecer el pelo, porque el pelo largo era reconocido como se\u00f1al de pureza; 3) No pod\u00edan acercarse a cuerpos muertos, porque la muerte es ajena al poder creador y sustentador de Dios. Por \u00faltimo, el cap\u00edtulo registra la bendici\u00f3n que el sacerdote impart\u00eda a los adoradores fieles. Este cap\u00edtulo concluye con la bendici\u00f3n que el sacerdote expresaba al pueblo al concluir con las ceremonias. Invocaba el nombre de Jehov\u00e1 y solicitaba que se extendiera la bendici\u00f3n a todos los presentes:<\/p><p>1.<b>JEHOV\u00c1 TE BENDIGA Y TE GUARDE.- <\/b>La mayor bendici\u00f3n que podemos recibir es tener la presencia de Dios a nuestro lado, y que las promesas del pacto se cumplan en nuestras vidas;<\/p><p>2.<b>JEHOV\u00c1 HAGA RESPLANDECER SU ROSTRO SOBRE TI.- <\/b>Tener la relaci\u00f3n que Mois\u00e9s tuvo con Dios, y que su gloria se muestre en nosotros;<\/p><p>3.<b>JEHOV\u00c1 TENGA DE TI MISERICORDIA<\/b>. El favor inmerecido de Dios se magnifica al otorgarnos la salvaci\u00f3n;<\/p><p>4.<b>JEHOVA <\/b><b>LEVANTE HACIA TI SU ROSTRO Y PONGA EN TI PAZ.-<\/b> Dios desea otorgarnos paz y bienestar completo para que seamos felices.<\/p>\t\t\t\t\t\t<\/div>\n\t\t\t\t<\/div>\n\t\t\t\t\t<\/div>\n\t\t<\/div>\n\t\t\t\t\t<\/div>\n\t\t<\/section>\n\t\t\t\t<section class=\"elementor-section elementor-top-section elementor-element elementor-element-51fdd9ae elementor-section-boxed elementor-section-height-default elementor-section-height-default\" data-id=\"51fdd9ae\" data-element_type=\"section\">\n\t\t\t\t\t\t<div class=\"elementor-container elementor-column-gap-default\">\n\t\t\t\t\t<div class=\"elementor-column elementor-col-100 elementor-top-column elementor-element elementor-element-4b439d5\" data-id=\"4b439d5\" data-element_type=\"column\">\n\t\t\t<div class=\"elementor-widget-wrap elementor-element-populated\">\n\t\t\t\t\t\t<div class=\"elementor-element elementor-element-2807440e elementor-widget elementor-widget-heading\" data-id=\"2807440e\" data-element_type=\"widget\" data-widget_type=\"heading.default\">\n\t\t\t\t<div class=\"elementor-widget-container\">\n\t\t\t<h3 class=\"elementor-heading-title elementor-size-default\">CITA SELECTA - TESTIMONIOS SELECTOS 4:371.<\/h3>\t\t<\/div>\n\t\t\t\t<\/div>\n\t\t\t\t\t<\/div>\n\t\t<\/div>\n\t\t\t\t\t<\/div>\n\t\t<\/section>\n\t\t\t\t<section class=\"elementor-section elementor-top-section elementor-element elementor-element-4c2d144a elementor-section-boxed elementor-section-height-default elementor-section-height-default\" data-id=\"4c2d144a\" data-element_type=\"section\">\n\t\t\t\t\t\t<div class=\"elementor-container elementor-column-gap-default\">\n\t\t\t\t\t<div class=\"elementor-column elementor-col-100 elementor-top-column elementor-element elementor-element-70d04536\" data-id=\"70d04536\" data-element_type=\"column\">\n\t\t\t<div class=\"elementor-widget-wrap elementor-element-populated\">\n\t\t\t\t\t\t<div class=\"elementor-element elementor-element-573e6be8 elementor-widget elementor-widget-text-editor\" data-id=\"573e6be8\" data-element_type=\"widget\" data-widget_type=\"text-editor.default\">\n\t\t\t\t<div class=\"elementor-widget-container\">\n\t\t\t\t\t\t\t<p>\u201cLos que obedecen este mandamiento toman sobre s\u00ed su nombre,\u00a0y\u00a0todas las bendiciones que entra\u00f1a son suyas. \u201cY\u00a0Jehov\u00e1 habl\u00f3 a Mois\u00e9s, diciendo: Habla a Aar\u00f3n\u00a0y\u00a0a sus hijos,\u00a0y\u00a0diles: As\u00ed bendecir\u00e9is a los hijos de Israel, dici\u00e9ndoles: Jehov\u00e1\u00a0te bendiga, y te guarde: haga resplandecer Jehov\u00e1 su rostro sobre ti,\u00a0y\u00a0haya de ti misericordia: Jehov\u00e1 alce a ti su rostro,\u00a0y\u00a0ponga en ti paz\u201d.<\/p>\t\t\t\t\t\t<\/div>\n\t\t\t\t<\/div>\n\t\t\t\t\t<\/div>\n\t\t<\/div>\n\t\t\t\t\t<\/div>\n\t\t<\/section>\n\t\t\t\t<section class=\"elementor-section elementor-top-section elementor-element elementor-element-7c5f4171 elementor-section-boxed elementor-section-height-default elementor-section-height-default\" data-id=\"7c5f4171\" data-element_type=\"section\">\n\t\t\t\t\t\t<div class=\"elementor-container elementor-column-gap-default\">\n\t\t\t\t\t<div class=\"elementor-column elementor-col-100 elementor-top-column elementor-element elementor-element-4b65650c\" data-id=\"4b65650c\" data-element_type=\"column\">\n\t\t\t<div class=\"elementor-widget-wrap elementor-element-populated\">\n\t\t\t\t\t\t<div class=\"elementor-element elementor-element-6adeac2e elementor-widget elementor-widget-heading\" data-id=\"6adeac2e\" data-element_type=\"widget\" data-widget_type=\"heading.default\">\n\t\t\t\t<div class=\"elementor-widget-container\">\n\t\t\t<h3 class=\"elementor-heading-title elementor-size-default\">ORACI\u00d3N<\/h3>\t\t<\/div>\n\t\t\t\t<\/div>\n\t\t\t\t\t<\/div>\n\t\t<\/div>\n\t\t\t\t\t<\/div>\n\t\t<\/section>\n\t\t\t\t<section class=\"elementor-section elementor-top-section elementor-element elementor-element-65358c6e elementor-section-boxed elementor-section-height-default elementor-section-height-default\" data-id=\"65358c6e\" data-element_type=\"section\">\n\t\t\t\t\t\t<div class=\"elementor-container elementor-column-gap-default\">\n\t\t\t\t\t<div class=\"elementor-column elementor-col-100 elementor-top-column elementor-element elementor-element-3e33e113\" data-id=\"3e33e113\" data-element_type=\"column\">\n\t\t\t<div class=\"elementor-widget-wrap elementor-element-populated\">\n\t\t\t\t\t\t<div class=\"elementor-element elementor-element-57975c5a elementor-widget elementor-widget-text-editor\" data-id=\"57975c5a\" data-element_type=\"widget\" data-widget_type=\"text-editor.default\">\n\t\t\t\t<div class=\"elementor-widget-container\">\n\t\t\t\t\t\t\t<p><b><i>QUE DIOS NOS BENDIGA Y NOS GUARDE; QUE DIOS HAGA RESPLANDECER SU ROSTRO SOBRE NOSOTROS, Y TENGA MISERICORDIA; QUE DIOS ALCE SOBRE NOSOTROS SU ROSTRO, Y PONGA PAZ. POR JES\u00daS, AM\u00c9N.<\/i><\/b><\/p>\t\t\t\t\t\t<\/div>\n\t\t\t\t<\/div>\n\t\t\t\t\t<\/div>\n\t\t<\/div>\n\t\t\t\t\t<\/div>\n\t\t<\/section>\n\t\t\t\t<section class=\"elementor-section elementor-top-section elementor-element elementor-element-5c8ce400 elementor-section-boxed elementor-section-height-default elementor-section-height-default\" data-id=\"5c8ce400\" data-element_type=\"section\">\n\t\t\t\t\t\t<div class=\"elementor-container elementor-column-gap-default\">\n\t\t\t\t\t<div class=\"elementor-column elementor-col-100 elementor-top-column elementor-element elementor-element-945f1da\" data-id=\"945f1da\" data-element_type=\"column\">\n\t\t\t<div class=\"elementor-widget-wrap elementor-element-populated\">\n\t\t\t\t\t\t<div class=\"elementor-element elementor-element-4960bdb2 elementor-widget elementor-widget-html\" data-id=\"4960bdb2\" data-element_type=\"widget\" data-widget_type=\"html.default\">\n\t\t\t\t<div class=\"elementor-widget-container\">\n\t\t\t<iframe width=\"100%\" height=\"166\" scrolling=\"no\" frameborder=\"no\" allow=\"autoplay\" src=\"https:\/\/w.soundcloud.com\/player\/?url=https%3A\/\/api.soundcloud.com\/tracks\/1264014817&color=%23ff5500&auto_play=true&hide_related=false&show_comments=false&show_user=true&show_reposts=false&show_teaser=true\"><\/iframe><div style=\"font-size: 10px; color: #cccccc;line-break: anywhere;word-break: normal;overflow: hidden;white-space: nowrap;text-overflow: ellipsis; font-family: Interstate,Lucida Grande,Lucida Sans Unicode,Lucida Sans,Garuda,Verdana,Tahoma,sans-serif;font-weight: 100;\"><a href=\"https:\/\/soundcloud.com\/centro-white-unadeca-1\" title=\"Escuela de Teolog\u00eda, UNADECA\" target=\"_blank\" style=\"color: #cccccc; text-decoration: none;\">Escuela de Teolog\u00eda, UNADECA<\/a> \u00b7 <a href=\"https:\/\/soundcloud.com\/centro-white-unadeca-1\/20220516-numeros6\" title=\"20220516 Numeros6\" target=\"_blank\" style=\"color: #cccccc; text-decoration: none;\">20220516 Numeros6<\/a><\/div>\t\t<\/div>\n\t\t\t\t<\/div>\n\t\t\t\t\t<\/div>\n\t\t<\/div>\n\t\t\t\t\t<\/div>\n\t\t<\/section>\n\t\t\t\t<\/div>\n\t\t","protected":false},"excerpt":{"rendered":"<p>RECIBIR LA BENDICI\u00d3N SACERDOTAL VERS\u00cdCULO PARA MEMORIZAR \u201cJehov\u00e1 te bendiga, y te guarde; Jehov\u00e1 haga resplandecer su rostro sobre ti, y tenga de ti misericordia; Jehov\u00e1 alce sobre ti su rostro, y ponga en ti paz\u201d (Vers. 24-26). COMENTARIO HIST\u00d3RICO &#8211; CAP\u00cdTULO 6 N\u00daMEROS Muchos confunden el t\u00e9rmino nazareno con nazareato. Nazareno es el gentilicio [&hellip;]<\/p>\n","protected":false},"author":1,"featured_media":0,"comment_status":"open","ping_status":"open","sticky":false,"template":"","format":"standard","meta":{"_eb_attr":"","site-sidebar-layout":"default","site-content-layout":"","ast-site-content-layout":"","site-content-style":"default","site-sidebar-style":"default","ast-global-header-display":"","ast-banner-title-visibility":"","ast-main-header-display":"","ast-hfb-above-header-display":"","ast-hfb-below-header-display":"","ast-hfb-mobile-header-display":"","site-post-title":"","ast-breadcrumbs-content":"","ast-featured-img":"","footer-sml-layout":"","theme-transparent-header-meta":"","adv-header-id-meta":"","stick-header-meta":"","header-above-stick-meta":"","header-main-stick-meta":"","header-below-stick-meta":"","astra-migrate-meta-layouts":"default","ast-page-background-enabled":"default","ast-page-background-meta":{"desktop":{"background-color":"var(--ast-global-color-4)","background-image":"","background-repeat":"repeat","background-position":"center center","background-size":"auto","background-attachment":"scroll","background-type":"","background-media":"","overlay-type":"","overlay-color":"","overlay-gradient":""},"tablet":{"background-color":"","background-image":"","background-repeat":"repeat","background-position":"center center","background-size":"auto","background-attachment":"scroll","background-type":"","background-media":"","overlay-type":"","overlay-color":"","overlay-gradient":""},"mobile":{"background-color":"","background-image":"","background-repeat":"repeat","background-position":"center center","background-size":"auto","background-attachment":"scroll","background-type":"","background-media":"","overlay-type":"","overlay-color":"","overlay-gradient":""}},"ast-content-background-meta":{"desktop":{"background-color":"var(--ast-global-color-5)","background-image":"","background-repeat":"repeat","background-position":"center center","background-size":"auto","background-attachment":"scroll","background-type":"","background-media":"","overlay-type":"","overlay-color":"","overlay-gradient":""},"tablet":{"background-color":"var(--ast-global-color-5)","background-image":"","background-repeat":"repeat","background-position":"center center","background-size":"auto","background-attachment":"scroll","background-type":"","background-media":"","overlay-type":"","overlay-color":"","overlay-gradient":""},"mobile":{"background-color":"var(--ast-global-color-5)","background-image":"","background-repeat":"repeat","background-position":"center center","background-size":"auto","background-attachment":"scroll","background-type":"","background-media":"","overlay-type":"","overlay-color":"","overlay-gradient":""}},"footnotes":""},"categories":[1],"tags":[],"class_list":["post-224963","post","type-post","status-publish","format-standard","hentry","category-atentos"],"_links":{"self":[{"href":"http:\/\/unadeca.ac.cr\/teologia\/wp-json\/wp\/v2\/posts\/224963","targetHints":{"allow":["GET"]}}],"collection":[{"href":"http:\/\/unadeca.ac.cr\/teologia\/wp-json\/wp\/v2\/posts"}],"about":[{"href":"http:\/\/unadeca.ac.cr\/teologia\/wp-json\/wp\/v2\/types\/post"}],"author":[{"embeddable":true,"href":"http:\/\/unadeca.ac.cr\/teologia\/wp-json\/wp\/v2\/users\/1"}],"replies":[{"embeddable":true,"href":"http:\/\/unadeca.ac.cr\/teologia\/wp-json\/wp\/v2\/comments?post=224963"}],"version-history":[{"count":8,"href":"http:\/\/unadeca.ac.cr\/teologia\/wp-json\/wp\/v2\/posts\/224963\/revisions"}],"predecessor-version":[{"id":224971,"href":"http:\/\/unadeca.ac.cr\/teologia\/wp-json\/wp\/v2\/posts\/224963\/revisions\/224971"}],"wp:attachment":[{"href":"http:\/\/unadeca.ac.cr\/teologia\/wp-json\/wp\/v2\/media?parent=224963"}],"wp:term":[{"taxonomy":"category","embeddable":true,"href":"http:\/\/unadeca.ac.cr\/teologia\/wp-json\/wp\/v2\/categories?post=224963"},{"taxonomy":"post_tag","embeddable":true,"href":"http:\/\/unadeca.ac.cr\/teologia\/wp-json\/wp\/v2\/tags?post=224963"}],"curies":[{"name":"wp","href":"https:\/\/api.w.org\/{rel}","templated":true}]}}