{"id":226863,"date":"2022-12-09T00:00:00","date_gmt":"2022-12-09T00:00:00","guid":{"rendered":"https:\/\/unadeca.ac.cr\/teologia\/?p=226863"},"modified":"2022-12-01T02:13:45","modified_gmt":"2022-12-01T02:13:45","slug":"2-reyes-17-9-diciembre-2022","status":"publish","type":"post","link":"http:\/\/unadeca.ac.cr\/teologia\/2022\/12\/09\/2-reyes-17-9-diciembre-2022\/","title":{"rendered":"2 REYES 17 &#8211; 9 DICIEMBRE 2022"},"content":{"rendered":"\t\t<div data-elementor-type=\"wp-post\" data-elementor-id=\"226863\" class=\"elementor elementor-226863\">\n\t\t\t\t\t\t<section class=\"elementor-section elementor-top-section elementor-element elementor-element-2746381c elementor-section-boxed elementor-section-height-default elementor-section-height-default\" data-id=\"2746381c\" data-element_type=\"section\">\n\t\t\t\t\t\t<div class=\"elementor-container elementor-column-gap-default\">\n\t\t\t\t\t<div class=\"elementor-column elementor-col-100 elementor-top-column elementor-element elementor-element-74c97832\" data-id=\"74c97832\" data-element_type=\"column\">\n\t\t\t<div class=\"elementor-widget-wrap elementor-element-populated\">\n\t\t\t\t\t\t<div class=\"elementor-element elementor-element-67d17e64 elementor-widget elementor-widget-heading\" data-id=\"67d17e64\" data-element_type=\"widget\" data-widget_type=\"heading.default\">\n\t\t\t\t<div class=\"elementor-widget-container\">\n\t\t\t<h2 class=\"elementor-heading-title elementor-size-default\">REFLEXIONAR SOBRE EL TRISTE FINAL DEL PUEBLO DE ISRAEL DEL NORTE<\/h2>\t\t<\/div>\n\t\t\t\t<\/div>\n\t\t\t\t\t<\/div>\n\t\t<\/div>\n\t\t\t\t\t<\/div>\n\t\t<\/section>\n\t\t\t\t<section class=\"elementor-section elementor-top-section elementor-element elementor-element-3207509b elementor-section-boxed elementor-section-height-default elementor-section-height-default\" data-id=\"3207509b\" data-element_type=\"section\">\n\t\t\t\t\t\t<div class=\"elementor-container elementor-column-gap-default\">\n\t\t\t\t\t<div class=\"elementor-column elementor-col-100 elementor-top-column elementor-element elementor-element-42a7a61c\" data-id=\"42a7a61c\" data-element_type=\"column\">\n\t\t\t<div class=\"elementor-widget-wrap elementor-element-populated\">\n\t\t\t\t\t\t<div class=\"elementor-element elementor-element-5b9d2dbd elementor-widget-divider--view-line elementor-widget elementor-widget-divider\" data-id=\"5b9d2dbd\" data-element_type=\"widget\" data-widget_type=\"divider.default\">\n\t\t\t\t<div class=\"elementor-widget-container\">\n\t\t\t\t\t<div class=\"elementor-divider\">\n\t\t\t<span class=\"elementor-divider-separator\">\n\t\t\t\t\t\t<\/span>\n\t\t<\/div>\n\t\t\t\t<\/div>\n\t\t\t\t<\/div>\n\t\t\t\t\t<\/div>\n\t\t<\/div>\n\t\t\t\t\t<\/div>\n\t\t<\/section>\n\t\t\t\t<section class=\"elementor-section elementor-top-section elementor-element elementor-element-1c44a8b6 elementor-section-boxed elementor-section-height-default elementor-section-height-default\" data-id=\"1c44a8b6\" data-element_type=\"section\">\n\t\t\t\t\t\t<div class=\"elementor-container elementor-column-gap-default\">\n\t\t\t\t\t<div class=\"elementor-column elementor-col-33 elementor-top-column elementor-element elementor-element-2f1b105d\" data-id=\"2f1b105d\" data-element_type=\"column\">\n\t\t\t<div class=\"elementor-widget-wrap elementor-element-populated\">\n\t\t\t\t\t\t<div class=\"elementor-element elementor-element-4434a202 elementor-widget elementor-widget-heading\" data-id=\"4434a202\" data-element_type=\"widget\" data-widget_type=\"heading.default\">\n\t\t\t\t<div class=\"elementor-widget-container\">\n\t\t\t<h3 class=\"elementor-heading-title elementor-size-default\">VERS\u00cdCULO PARA MEMORIZAR<\/h3>\t\t<\/div>\n\t\t\t\t<\/div>\n\t\t\t\t\t<\/div>\n\t\t<\/div>\n\t\t\t\t<div class=\"elementor-column elementor-col-66 elementor-top-column elementor-element elementor-element-1bf2136\" data-id=\"1bf2136\" data-element_type=\"column\">\n\t\t\t<div class=\"elementor-widget-wrap elementor-element-populated\">\n\t\t\t\t\t\t<div class=\"elementor-element elementor-element-494c92e2 elementor-widget elementor-widget-text-editor\" data-id=\"494c92e2\" data-element_type=\"widget\" data-widget_type=\"text-editor.default\">\n\t\t\t\t<div class=\"elementor-widget-container\">\n\t\t\t\t\t\t\t<p style=\"text-align: center;\">\u201cFinalmente, el Se\u00f1or arroj\u00f3 a Israel de su presencia, tal como lo hab\u00eda anunciado por medio de sus siervos los profetas. As\u00ed, pues, fueron desterrados y llevados cautivos a Asiria, donde hasta el d\u00eda de hoy se han quedado\u201d (Vers. 23).<\/p>\t\t\t\t\t\t<\/div>\n\t\t\t\t<\/div>\n\t\t\t\t\t<\/div>\n\t\t<\/div>\n\t\t\t\t\t<\/div>\n\t\t<\/section>\n\t\t\t\t<section class=\"elementor-section elementor-top-section elementor-element elementor-element-447796d3 elementor-section-boxed elementor-section-height-default elementor-section-height-default\" data-id=\"447796d3\" data-element_type=\"section\">\n\t\t\t\t\t\t<div class=\"elementor-container elementor-column-gap-default\">\n\t\t\t\t\t<div class=\"elementor-column elementor-col-100 elementor-top-column elementor-element elementor-element-866e176\" data-id=\"866e176\" data-element_type=\"column\">\n\t\t\t<div class=\"elementor-widget-wrap elementor-element-populated\">\n\t\t\t\t\t\t<div class=\"elementor-element elementor-element-75199177 elementor-widget-divider--view-line elementor-widget elementor-widget-divider\" data-id=\"75199177\" data-element_type=\"widget\" data-widget_type=\"divider.default\">\n\t\t\t\t<div class=\"elementor-widget-container\">\n\t\t\t\t\t<div class=\"elementor-divider\">\n\t\t\t<span class=\"elementor-divider-separator\">\n\t\t\t\t\t\t<\/span>\n\t\t<\/div>\n\t\t\t\t<\/div>\n\t\t\t\t<\/div>\n\t\t\t\t\t<\/div>\n\t\t<\/div>\n\t\t\t\t\t<\/div>\n\t\t<\/section>\n\t\t\t\t<section class=\"elementor-section elementor-top-section elementor-element elementor-element-15028fa5 elementor-section-boxed elementor-section-height-default elementor-section-height-default\" data-id=\"15028fa5\" data-element_type=\"section\">\n\t\t\t\t\t\t<div class=\"elementor-container elementor-column-gap-default\">\n\t\t\t\t\t<div class=\"elementor-column elementor-col-100 elementor-top-column elementor-element elementor-element-2c7f0085\" data-id=\"2c7f0085\" data-element_type=\"column\">\n\t\t\t<div class=\"elementor-widget-wrap elementor-element-populated\">\n\t\t\t\t\t\t<div class=\"elementor-element elementor-element-6532ba19 elementor-widget elementor-widget-heading\" data-id=\"6532ba19\" data-element_type=\"widget\" data-widget_type=\"heading.default\">\n\t\t\t\t<div class=\"elementor-widget-container\">\n\t\t\t<h3 class=\"elementor-heading-title elementor-size-default\">COMENTARIO HIST\u00d3RICO <\/h3>\t\t<\/div>\n\t\t\t\t<\/div>\n\t\t\t\t\t<\/div>\n\t\t<\/div>\n\t\t\t\t\t<\/div>\n\t\t<\/section>\n\t\t\t\t<section class=\"elementor-section elementor-top-section elementor-element elementor-element-5a42cab7 elementor-section-boxed elementor-section-height-default elementor-section-height-default\" data-id=\"5a42cab7\" data-element_type=\"section\">\n\t\t\t\t\t\t<div class=\"elementor-container elementor-column-gap-default\">\n\t\t\t\t\t<div class=\"elementor-column elementor-col-100 elementor-top-column elementor-element elementor-element-48d01c2b\" data-id=\"48d01c2b\" data-element_type=\"column\">\n\t\t\t<div class=\"elementor-widget-wrap elementor-element-populated\">\n\t\t\t\t\t\t<div class=\"elementor-element elementor-element-7c8a84d8 elementor-widget elementor-widget-text-editor\" data-id=\"7c8a84d8\" data-element_type=\"widget\" data-widget_type=\"text-editor.default\">\n\t\t\t\t<div class=\"elementor-widget-container\">\n\t\t\t\t\t\t\t<p>Debido a la persistente rebeld\u00eda y desobediencia de las tribus del Norte a las amonestaciones dadas por medio de sus profetas, Dios permiti\u00f3 que fueran deportados de la tierra prometida. Salmanasar V, rey de Asiria, siti\u00f3 por tres a\u00f1os la capital del reino del Norte. Finalmente, el a\u00f1o 722 a. C. cay\u00f3 la ciudad de Samaria. Oseas, el \u00faltimo rey fue tomado preso y deportado con todos sus s\u00fabditos. Seg\u00fan los anales hist\u00f3ricos, 27,290 jud\u00edos fueron deportados a la zona del r\u00edo Jabur, el gran afluente del \u00c9ufrates. El r\u00edo Jabur se ubicaba a 210 km al oeste de N\u00ednive, que era parte de Mesopotamia y Media. Los habitantes de estas tribus nunca m\u00e1s volvieron a la tierra prometida.\u00a0<\/p><p>Los pecados cometidos por Israel que lo llevaron a desaparecer fueron:<\/p><p>1) Siguieron las mismas costumbres de las naciones cananeas;<\/p><p>2) Construyeron altares paganos;<\/p><p>3) Adoraron a Baal y a Asera;<\/p><p>4) Abandonaron los mandamientos de Dios;<\/p><p>5) Sacrificaron a sus hijos e hijas ante Moloc;<\/p><p>6) Practicaron la adivinaci\u00f3n y la hechicer\u00eda.<\/p>\t\t\t\t\t\t<\/div>\n\t\t\t\t<\/div>\n\t\t\t\t\t<\/div>\n\t\t<\/div>\n\t\t\t\t\t<\/div>\n\t\t<\/section>\n\t\t\t\t<section class=\"elementor-section elementor-top-section elementor-element elementor-element-5d8cf57d elementor-section-boxed elementor-section-height-default elementor-section-height-default\" data-id=\"5d8cf57d\" data-element_type=\"section\">\n\t\t\t\t\t\t<div class=\"elementor-container elementor-column-gap-default\">\n\t\t\t\t\t<div class=\"elementor-column elementor-col-100 elementor-top-column elementor-element elementor-element-818f1f9\" data-id=\"818f1f9\" data-element_type=\"column\">\n\t\t\t<div class=\"elementor-widget-wrap elementor-element-populated\">\n\t\t\t\t\t\t<div class=\"elementor-element elementor-element-3173d246 elementor-widget elementor-widget-heading\" data-id=\"3173d246\" data-element_type=\"widget\" data-widget_type=\"heading.default\">\n\t\t\t\t<div class=\"elementor-widget-container\">\n\t\t\t<h3 class=\"elementor-heading-title elementor-size-default\">CITA SELECTA<\/h3>\t\t<\/div>\n\t\t\t\t<\/div>\n\t\t\t\t<div class=\"elementor-element elementor-element-69521f7 elementor-widget elementor-widget-heading\" data-id=\"69521f7\" data-element_type=\"widget\" data-widget_type=\"heading.default\">\n\t\t\t\t<div class=\"elementor-widget-container\">\n\t\t\t<h4 class=\"elementor-heading-title elementor-size-default\">PROFETAS Y REYES, P\u00c1G.211<\/h4>\t\t<\/div>\n\t\t\t\t<\/div>\n\t\t\t\t\t<\/div>\n\t\t<\/div>\n\t\t\t\t\t<\/div>\n\t\t<\/section>\n\t\t\t\t<section class=\"elementor-section elementor-top-section elementor-element elementor-element-6aa430f8 elementor-section-boxed elementor-section-height-default elementor-section-height-default\" data-id=\"6aa430f8\" data-element_type=\"section\">\n\t\t\t\t\t\t<div class=\"elementor-container elementor-column-gap-default\">\n\t\t\t\t\t<div class=\"elementor-column elementor-col-100 elementor-top-column elementor-element elementor-element-5b175e6e\" data-id=\"5b175e6e\" data-element_type=\"column\">\n\t\t\t<div class=\"elementor-widget-wrap elementor-element-populated\">\n\t\t\t\t\t\t<div class=\"elementor-element elementor-element-6e78c4a0 elementor-widget elementor-widget-text-editor\" data-id=\"6e78c4a0\" data-element_type=\"widget\" data-widget_type=\"text-editor.default\">\n\t\t\t\t<div class=\"elementor-widget-container\">\n\t\t\t\t\t\t\t<p>\u201cLa iniquidad de Israel durante el \u00faltimo medio siglo antes de la cautividad asiria, fue como los d\u00edas de No\u00e9 y como toda otra \u00e9poca cuando los hombres rechazaron a Dios y se entregaron por completo al mal hacer. La exaltaci\u00f3n de la naturaleza sobre el Dios de la naturaleza, la adoraci\u00f3n de las criaturas en vez del Creador, resultaron siempre en los males m\u00e1s groseros. Asimismo, cuando el pueblo de Israel, en su culto de Baal y Astarte, rindi\u00f3 supremo homenaje a las fuerzas de la naturaleza, se separ\u00f3 de todo lo que es elevador y ennoblecedor y cay\u00f3 f\u00e1cilmente presa de la tentaci\u00f3n. Una vez derribadas las defensas del alma, los extraviados adoradores no tuvieron barrera contra el pecado, y se entregaron a las malas pasiones del coraz\u00f3n humano.\u00a0Contra la intensa opresi\u00f3n, la flagrante injusticia, el lujo y el despilfarro desmedidos, los desvergonzados banquetes y borracheras, la licencia y las org\u00edas de su \u00e9poca, los profetas alzaron la voz; pero vanas fueron sus protestas, vana su denuncia del pecado\u201d.<\/p>\t\t\t\t\t\t<\/div>\n\t\t\t\t<\/div>\n\t\t\t\t\t<\/div>\n\t\t<\/div>\n\t\t\t\t\t<\/div>\n\t\t<\/section>\n\t\t\t\t<section class=\"elementor-section elementor-top-section elementor-element elementor-element-5ba2e478 elementor-section-boxed elementor-section-height-default elementor-section-height-default\" data-id=\"5ba2e478\" data-element_type=\"section\">\n\t\t\t\t\t\t<div class=\"elementor-container elementor-column-gap-default\">\n\t\t\t\t\t<div class=\"elementor-column elementor-col-100 elementor-top-column elementor-element elementor-element-12f9780e\" data-id=\"12f9780e\" data-element_type=\"column\">\n\t\t\t<div class=\"elementor-widget-wrap elementor-element-populated\">\n\t\t\t\t\t\t<div class=\"elementor-element elementor-element-1fee9541 elementor-widget elementor-widget-heading\" data-id=\"1fee9541\" data-element_type=\"widget\" data-widget_type=\"heading.default\">\n\t\t\t\t<div class=\"elementor-widget-container\">\n\t\t\t<h3 class=\"elementor-heading-title elementor-size-default\">ORACI\u00d3N<\/h3>\t\t<\/div>\n\t\t\t\t<\/div>\n\t\t\t\t\t<\/div>\n\t\t<\/div>\n\t\t\t\t\t<\/div>\n\t\t<\/section>\n\t\t\t\t<section class=\"elementor-section elementor-top-section elementor-element elementor-element-4c9d5a0f elementor-section-boxed elementor-section-height-default elementor-section-height-default\" data-id=\"4c9d5a0f\" data-element_type=\"section\">\n\t\t\t\t\t\t<div class=\"elementor-container elementor-column-gap-default\">\n\t\t\t\t\t<div class=\"elementor-column elementor-col-100 elementor-top-column elementor-element elementor-element-4e137405\" data-id=\"4e137405\" data-element_type=\"column\">\n\t\t\t<div class=\"elementor-widget-wrap elementor-element-populated\">\n\t\t\t\t\t\t<div class=\"elementor-element elementor-element-705f2e18 elementor-widget elementor-widget-text-editor\" data-id=\"705f2e18\" data-element_type=\"widget\" data-widget_type=\"text-editor.default\">\n\t\t\t\t<div class=\"elementor-widget-container\">\n\t\t\t\t\t\t\t<p>PADRE QUERIDO, TRANSFORMA NUESTRAS VIDAS PARA QUE NO CORRAMOS LA MISMA SUERTE DE DESTRUCCI\u00d3N QUE SUFRI\u00d3 ISRAEL DEL NORTE. PERMITE QUE SEAMOS SENSIBLES A TUS AMONESTACIONES. POR JES\u00daS, AM\u00c9N.<\/p>\t\t\t\t\t\t<\/div>\n\t\t\t\t<\/div>\n\t\t\t\t\t<\/div>\n\t\t<\/div>\n\t\t\t\t\t<\/div>\n\t\t<\/section>\n\t\t\t\t<section class=\"elementor-section elementor-top-section elementor-element elementor-element-6ba5bf91 elementor-section-boxed elementor-section-height-default elementor-section-height-default\" data-id=\"6ba5bf91\" data-element_type=\"section\">\n\t\t\t\t\t\t<div class=\"elementor-container elementor-column-gap-default\">\n\t\t\t\t\t<div class=\"elementor-column elementor-col-100 elementor-top-column elementor-element elementor-element-6b6b748d\" data-id=\"6b6b748d\" data-element_type=\"column\">\n\t\t\t<div class=\"elementor-widget-wrap elementor-element-populated\">\n\t\t\t\t\t\t<div class=\"elementor-element elementor-element-49c4a829 elementor-widget elementor-widget-html\" data-id=\"49c4a829\" data-element_type=\"widget\" data-widget_type=\"html.default\">\n\t\t\t\t<div class=\"elementor-widget-container\">\n\t\t\t<iframe width=\"100%\" height=\"166\" scrolling=\"no\" frameborder=\"no\" allow=\"autoplay\" src=\"https:\/\/w.soundcloud.com\/player\/?url=https%3A\/\/api.soundcloud.com\/tracks\/1392336520%3Fsecret_token%3Ds-vq2jZL04zoD&color=%23ff5500&auto_play=true&hide_related=false&show_comments=false&show_user=true&show_reposts=false&show_teaser=true\"><\/iframe><div style=\"font-size: 10px; color: #cccccc;line-break: anywhere;word-break: normal;overflow: hidden;white-space: nowrap;text-overflow: ellipsis; font-family: Interstate,Lucida Grande,Lucida Sans Unicode,Lucida Sans,Garuda,Verdana,Tahoma,sans-serif;font-weight: 100;\"><a href=\"https:\/\/soundcloud.com\/centro-white-unadeca-1\" title=\"Escuela de Teolog\u00eda, UNADECA\" target=\"_blank\" style=\"color: #cccccc; text-decoration: none;\">Escuela de Teolog\u00eda, UNADECA<\/a> \u00b7 <a href=\"https:\/\/soundcloud.com\/centro-white-unadeca-1\/20221209-2reyes17\/s-vq2jZL04zoD\" title=\"20221209 2Reyes17\" target=\"_blank\" style=\"color: #cccccc; text-decoration: none;\">20221209 2Reyes17<\/a><\/div>\t\t<\/div>\n\t\t\t\t<\/div>\n\t\t\t\t\t<\/div>\n\t\t<\/div>\n\t\t\t\t\t<\/div>\n\t\t<\/section>\n\t\t\t\t<\/div>\n\t\t","protected":false},"excerpt":{"rendered":"<p>REFLEXIONAR SOBRE EL TRISTE FINAL DEL PUEBLO DE ISRAEL DEL NORTE VERS\u00cdCULO PARA MEMORIZAR \u201cFinalmente, el Se\u00f1or arroj\u00f3 a Israel de su presencia, tal como lo hab\u00eda anunciado por medio de sus siervos los profetas. As\u00ed, pues, fueron desterrados y llevados cautivos a Asiria, donde hasta el d\u00eda de hoy se han quedado\u201d (Vers. 23). [&hellip;]<\/p>\n","protected":false},"author":1,"featured_media":0,"comment_status":"open","ping_status":"open","sticky":false,"template":"","format":"standard","meta":{"_eb_attr":"","site-sidebar-layout":"default","site-content-layout":"","ast-site-content-layout":"","site-content-style":"default","site-sidebar-style":"default","ast-global-header-display":"","ast-banner-title-visibility":"","ast-main-header-display":"","ast-hfb-above-header-display":"","ast-hfb-below-header-display":"","ast-hfb-mobile-header-display":"","site-post-title":"","ast-breadcrumbs-content":"","ast-featured-img":"","footer-sml-layout":"","theme-transparent-header-meta":"","adv-header-id-meta":"","stick-header-meta":"","header-above-stick-meta":"","header-main-stick-meta":"","header-below-stick-meta":"","astra-migrate-meta-layouts":"default","ast-page-background-enabled":"default","ast-page-background-meta":{"desktop":{"background-color":"var(--ast-global-color-4)","background-image":"","background-repeat":"repeat","background-position":"center center","background-size":"auto","background-attachment":"scroll","background-type":"","background-media":"","overlay-type":"","overlay-color":"","overlay-gradient":""},"tablet":{"background-color":"","background-image":"","background-repeat":"repeat","background-position":"center center","background-size":"auto","background-attachment":"scroll","background-type":"","background-media":"","overlay-type":"","overlay-color":"","overlay-gradient":""},"mobile":{"background-color":"","background-image":"","background-repeat":"repeat","background-position":"center center","background-size":"auto","background-attachment":"scroll","background-type":"","background-media":"","overlay-type":"","overlay-color":"","overlay-gradient":""}},"ast-content-background-meta":{"desktop":{"background-color":"var(--ast-global-color-5)","background-image":"","background-repeat":"repeat","background-position":"center center","background-size":"auto","background-attachment":"scroll","background-type":"","background-media":"","overlay-type":"","overlay-color":"","overlay-gradient":""},"tablet":{"background-color":"var(--ast-global-color-5)","background-image":"","background-repeat":"repeat","background-position":"center center","background-size":"auto","background-attachment":"scroll","background-type":"","background-media":"","overlay-type":"","overlay-color":"","overlay-gradient":""},"mobile":{"background-color":"var(--ast-global-color-5)","background-image":"","background-repeat":"repeat","background-position":"center center","background-size":"auto","background-attachment":"scroll","background-type":"","background-media":"","overlay-type":"","overlay-color":"","overlay-gradient":""}},"footnotes":""},"categories":[1],"tags":[],"class_list":["post-226863","post","type-post","status-publish","format-standard","hentry","category-atentos"],"_links":{"self":[{"href":"http:\/\/unadeca.ac.cr\/teologia\/wp-json\/wp\/v2\/posts\/226863","targetHints":{"allow":["GET"]}}],"collection":[{"href":"http:\/\/unadeca.ac.cr\/teologia\/wp-json\/wp\/v2\/posts"}],"about":[{"href":"http:\/\/unadeca.ac.cr\/teologia\/wp-json\/wp\/v2\/types\/post"}],"author":[{"embeddable":true,"href":"http:\/\/unadeca.ac.cr\/teologia\/wp-json\/wp\/v2\/users\/1"}],"replies":[{"embeddable":true,"href":"http:\/\/unadeca.ac.cr\/teologia\/wp-json\/wp\/v2\/comments?post=226863"}],"version-history":[{"count":5,"href":"http:\/\/unadeca.ac.cr\/teologia\/wp-json\/wp\/v2\/posts\/226863\/revisions"}],"predecessor-version":[{"id":226868,"href":"http:\/\/unadeca.ac.cr\/teologia\/wp-json\/wp\/v2\/posts\/226863\/revisions\/226868"}],"wp:attachment":[{"href":"http:\/\/unadeca.ac.cr\/teologia\/wp-json\/wp\/v2\/media?parent=226863"}],"wp:term":[{"taxonomy":"category","embeddable":true,"href":"http:\/\/unadeca.ac.cr\/teologia\/wp-json\/wp\/v2\/categories?post=226863"},{"taxonomy":"post_tag","embeddable":true,"href":"http:\/\/unadeca.ac.cr\/teologia\/wp-json\/wp\/v2\/tags?post=226863"}],"curies":[{"name":"wp","href":"https:\/\/api.w.org\/{rel}","templated":true}]}}