{"id":227053,"date":"2023-01-09T00:00:00","date_gmt":"2023-01-09T00:00:00","guid":{"rendered":"https:\/\/unadeca.ac.cr\/teologia\/?p=227053"},"modified":"2023-01-04T02:17:54","modified_gmt":"2023-01-04T02:17:54","slug":"1-cronicas-23-9-enero-2023","status":"publish","type":"post","link":"http:\/\/unadeca.ac.cr\/teologia\/2023\/01\/09\/1-cronicas-23-9-enero-2023\/","title":{"rendered":"1 CR\u00d3NICAS 23 &#8211; 9 ENERO 2023"},"content":{"rendered":"\n<h2 class=\"wp-block-heading\">QUE CADA MA\u00d1ANA Y TARDE NOS REUNAMOS EN FAMILIA PARA AGRADECER Y ALABAR A DIOS<\/h2>\n\n\n\n<blockquote class=\"wp-block-quote is-layout-flow wp-block-quote-is-layout-flow\">\n<p><strong>VERS\u00cdCULO PARA MEMORIZAR: <\/strong>\u201cCada ma\u00f1ana y cada tarde deb\u00edan estar presentes para agradecer y alabar al Se\u00f1or\u201d<\/p>\n<cite>1 CR\u00d3NICAS 23:30<\/cite><\/blockquote>\n\n\n\n<h2 class=\"wp-block-heading\">COMENTARIO HIST\u00d3RICO<\/h2>\n\n\n\n<p>Los sacrificios de la tarde y la ma\u00f1ana que se hac\u00edan todos los d\u00edas del a\u00f1o en el Santuario o en el templo, se llegaron a llamar el \u201cCONTINUO\u201d.<\/p>\n\n\n\n<p>Se le denomin\u00f3 \u201cContinuo\u201d por dos razones:<\/p>\n\n\n\n<p>a) Este sacrificio era colocado a un extremo del altar de los sacrificios, donde el fuego no produc\u00eda mucho calor, para que el sacrificio pudiera consumirse en doce horas, es decir, este sacrificio \u201ccontinuamente\u201d deb\u00eda consumirse.<\/p>\n\n\n\n<p>b) Era continuo porque se oficiaba todos los d\u00edas del a\u00f1o, incluso los s\u00e1bados, en la que se agregaban dos corderos por ser un d\u00eda especial.<\/p>\n\n\n\n<p>Esta costumbre se debe repetir en nuestros hogares, porque debemos hacer los cultos familiares en la ma\u00f1ana y en la tarde. &nbsp;Los cultos matutinos y vespertinos deben tener incluir dos actividades b\u00e1sicas:<\/p>\n\n\n\n<p>1) Tiempo para agradecer. Nuestra memoria es muy fr\u00e1gil para recordar las bendiciones divinas. Adem\u00e1s, a veces son tan \u201cconstantes\u201d sus cuidados, que creemos que son normales y que no necesitamos agradecer a Dios por sus bendiciones. Como parte del culto, cultivemos la costumbre, para que los miembros de la familia, expresemos agradecimiento a Dios como parte de nuestra adoraci\u00f3n;<\/p>\n\n\n\n<p>2) Tiempo para alabar.\u00a0 Las alabanzas se pueden expresar de tres maneras: Cuando leamos la Biblia, alabemos a Dios diciendo \u201cAM\u00c9N\u201d; elevemos himnos de alabanzas a Dios, cantemos con la voz y con el entendimiento; Cuando oremos, expresemos la gratitud de comunicarnos con el Rey del Universo.<\/p>\n\n\n\n<h2 class=\"wp-block-heading\">CITA SELECTA<\/h2>\n\n\n\n<figure class=\"wp-block-pullquote\"><blockquote><p>\u201cEl\u00a0culto\u00a0familiar no debiera ser gobernado por las circunstancias. No hab\u00e9is de orar ocasionalmente y descuidar la oraci\u00f3n en un d\u00eda de mucho trabajo. Al hacer esto, induc\u00eds a vuestros hijos a considerar la oraci\u00f3n como algo no importante. La oraci\u00f3n significa mucho para los hijos de Dios y las acciones de gracias debieran elevarse delante de Dios ma\u00f1ana y\u00a0noche. Dice el salmista: \u201cVenid, aclamemos alegremente a Jehov\u00e1; cantemos con j\u00fabilo a la roca de nuestra salvaci\u00f3n. Lleguemos ante su presencia con alabanza; aclam\u00e9mosle con c\u00e1nticos\u201d.<\/p><cite>EVENTOS DE LOS \u00daLTIMOS D\u00cdAS, P.74<\/cite><\/blockquote><\/figure>\n\n\n\n<h2 class=\"wp-block-heading\">ORACI\u00d3N<\/h2>\n\n\n\n<p>PADRE DE BENDICIONES, TE EXPRESAMOS NUESTRA GRATITUD POR TUS CUIDADOS Y POR DARNOS PROSPERIDAD. QUE CONTINUAMENTE EN NUESTROS CULTOS FAMILIARES, TE MANIFESTEMOS GRATITUD Y ALANZAS. POR JES\u00daS, AM\u00c9N.<\/p>\n\n\n\n<iframe width=\"100%\" height=\"166\" scrolling=\"no\" frameborder=\"no\" allow=\"autoplay\" src=\"https:\/\/w.soundcloud.com\/player\/?url=https%3A\/\/api.soundcloud.com\/tracks\/1393105432&#038;color=%23ff5500&#038;auto_play=true&#038;hide_related=false&#038;show_comments=false&#038;show_user=true&#038;show_reposts=false&#038;show_teaser=true\"><\/iframe><div style=\"font-size: 10px; color: #cccccc;line-break: anywhere;word-break: normal;overflow: hidden;white-space: nowrap;text-overflow: ellipsis; font-family: Interstate,Lucida Grande,Lucida Sans Unicode,Lucida Sans,Garuda,Verdana,Tahoma,sans-serif;font-weight: 100;\"><a href=\"https:\/\/soundcloud.com\/centro-white-unadeca-1\" title=\"Escuela de Teolog\u00eda, UNADECA\" target=\"_blank\" style=\"color: #cccccc; text-decoration: none;\" rel=\"noopener\">Escuela de Teolog\u00eda, UNADECA<\/a> \u00b7 <a href=\"https:\/\/soundcloud.com\/centro-white-unadeca-1\/20230109-1cronicas23\" title=\"20230109 1Cronicas23\" target=\"_blank\" style=\"color: #cccccc; text-decoration: none;\" rel=\"noopener\">20230109 1Cronicas23<\/a><\/div>\n","protected":false},"excerpt":{"rendered":"<p>QUE CADA MA\u00d1ANA Y TARDE NOS REUNAMOS EN FAMILIA PARA AGRADECER Y ALABAR A DIOS VERS\u00cdCULO PARA MEMORIZAR: \u201cCada ma\u00f1ana y cada tarde deb\u00edan estar presentes para agradecer y alabar al Se\u00f1or\u201d 1 CR\u00d3NICAS 23:30 COMENTARIO HIST\u00d3RICO Los sacrificios de la tarde y la ma\u00f1ana que se hac\u00edan todos los d\u00edas del a\u00f1o en el [&hellip;]<\/p>\n","protected":false},"author":1,"featured_media":0,"comment_status":"open","ping_status":"open","sticky":false,"template":"","format":"standard","meta":{"_eb_attr":"","site-sidebar-layout":"default","site-content-layout":"","ast-site-content-layout":"","site-content-style":"default","site-sidebar-style":"default","ast-global-header-display":"","ast-banner-title-visibility":"","ast-main-header-display":"","ast-hfb-above-header-display":"","ast-hfb-below-header-display":"","ast-hfb-mobile-header-display":"","site-post-title":"","ast-breadcrumbs-content":"","ast-featured-img":"","footer-sml-layout":"","theme-transparent-header-meta":"","adv-header-id-meta":"","stick-header-meta":"","header-above-stick-meta":"","header-main-stick-meta":"","header-below-stick-meta":"","astra-migrate-meta-layouts":"default","ast-page-background-enabled":"default","ast-page-background-meta":{"desktop":{"background-color":"var(--ast-global-color-4)","background-image":"","background-repeat":"repeat","background-position":"center center","background-size":"auto","background-attachment":"scroll","background-type":"","background-media":"","overlay-type":"","overlay-color":"","overlay-gradient":""},"tablet":{"background-color":"","background-image":"","background-repeat":"repeat","background-position":"center center","background-size":"auto","background-attachment":"scroll","background-type":"","background-media":"","overlay-type":"","overlay-color":"","overlay-gradient":""},"mobile":{"background-color":"","background-image":"","background-repeat":"repeat","background-position":"center center","background-size":"auto","background-attachment":"scroll","background-type":"","background-media":"","overlay-type":"","overlay-color":"","overlay-gradient":""}},"ast-content-background-meta":{"desktop":{"background-color":"var(--ast-global-color-5)","background-image":"","background-repeat":"repeat","background-position":"center center","background-size":"auto","background-attachment":"scroll","background-type":"","background-media":"","overlay-type":"","overlay-color":"","overlay-gradient":""},"tablet":{"background-color":"var(--ast-global-color-5)","background-image":"","background-repeat":"repeat","background-position":"center center","background-size":"auto","background-attachment":"scroll","background-type":"","background-media":"","overlay-type":"","overlay-color":"","overlay-gradient":""},"mobile":{"background-color":"var(--ast-global-color-5)","background-image":"","background-repeat":"repeat","background-position":"center center","background-size":"auto","background-attachment":"scroll","background-type":"","background-media":"","overlay-type":"","overlay-color":"","overlay-gradient":""}},"footnotes":""},"categories":[1],"tags":[],"class_list":["post-227053","post","type-post","status-publish","format-standard","hentry","category-atentos"],"_links":{"self":[{"href":"http:\/\/unadeca.ac.cr\/teologia\/wp-json\/wp\/v2\/posts\/227053","targetHints":{"allow":["GET"]}}],"collection":[{"href":"http:\/\/unadeca.ac.cr\/teologia\/wp-json\/wp\/v2\/posts"}],"about":[{"href":"http:\/\/unadeca.ac.cr\/teologia\/wp-json\/wp\/v2\/types\/post"}],"author":[{"embeddable":true,"href":"http:\/\/unadeca.ac.cr\/teologia\/wp-json\/wp\/v2\/users\/1"}],"replies":[{"embeddable":true,"href":"http:\/\/unadeca.ac.cr\/teologia\/wp-json\/wp\/v2\/comments?post=227053"}],"version-history":[{"count":1,"href":"http:\/\/unadeca.ac.cr\/teologia\/wp-json\/wp\/v2\/posts\/227053\/revisions"}],"predecessor-version":[{"id":227054,"href":"http:\/\/unadeca.ac.cr\/teologia\/wp-json\/wp\/v2\/posts\/227053\/revisions\/227054"}],"wp:attachment":[{"href":"http:\/\/unadeca.ac.cr\/teologia\/wp-json\/wp\/v2\/media?parent=227053"}],"wp:term":[{"taxonomy":"category","embeddable":true,"href":"http:\/\/unadeca.ac.cr\/teologia\/wp-json\/wp\/v2\/categories?post=227053"},{"taxonomy":"post_tag","embeddable":true,"href":"http:\/\/unadeca.ac.cr\/teologia\/wp-json\/wp\/v2\/tags?post=227053"}],"curies":[{"name":"wp","href":"https:\/\/api.w.org\/{rel}","templated":true}]}}