{"id":227085,"date":"2023-01-11T00:00:00","date_gmt":"2023-01-11T00:00:00","guid":{"rendered":"https:\/\/unadeca.ac.cr\/teologia\/?p=227085"},"modified":"2023-01-10T22:06:52","modified_gmt":"2023-01-10T22:06:52","slug":"1-cronicas-25-11-enero-2023","status":"publish","type":"post","link":"http:\/\/unadeca.ac.cr\/teologia\/2023\/01\/11\/1-cronicas-25-11-enero-2023\/","title":{"rendered":"1 CR\u00d3NICAS 25 &#8211; 11 ENERO 2023"},"content":{"rendered":"\n<h2 class=\"wp-block-heading\">IMPORTANCIA DE LA M\u00daSICA EN EL CULTO Y LA ADORACI\u00d3N<\/h2>\n\n\n\n<blockquote class=\"wp-block-quote is-layout-flow wp-block-quote-is-layout-flow\">\n<p>VERS\u00cdCULO PARA MEMORIZAR:\u00a0David y los jefes del ej\u00e9rcito separaron para el servicio del culto a los hijos de Asaf, de Hem\u00e1n y de Iedut\u00fan, los cuales profetizaban, acompa\u00f1\u00e1ndose con c\u00edtaras, arpas y c\u00edmbalos.<\/p>\n<cite>1 CR\u00d3NICAS 25:1<\/cite><\/blockquote>\n\n\n\n<h2 class=\"wp-block-heading\">COMENTARIO HIST\u00d3RICO<\/h2>\n\n\n\n<p>El primer vers\u00edculo del cap\u00edtulo menciona que \u201cDavid y los jefes del ej\u00e9rcito\u201d eligieron las mejores voces y los mejores m\u00fasicos que tocaban los instrumentos, para que sean miembros del coro y de la orquesta del santuario. Siendo que el rey David ten\u00eda el don de la m\u00fasica, ya que tocaba el arpa desde su ni\u00f1ez, decidi\u00f3 instaurar la alabanza vocal e instrumental como parte del culto de adoraci\u00f3n. La adoraci\u00f3n por medio de la m\u00fasica era entonada por un coro multitudinario, acompa\u00f1ado de instrumentos de percusi\u00f3n, de cuerdas, y de vientos. Los turnos que se establecieron serv\u00edan para que durante todo el d\u00eda haya m\u00fasicos alabando a Dios con sus voces y con instrumentos musicales. Motivemos en nuestras iglesias las alabanzas congregacionales como la mejor manera de adorar al Se\u00f1or. Se debe establecer un espacio de alabanzas, donde todos pueden participar, indistintamente si tienen o no cuentan con el don de la m\u00fasica. Las alabanzas entonadas por solistas o grupos musicales enriquecen la adoraci\u00f3n. Sin embargo, debemos evitar el espect\u00e1culo y el protagonismo desmedidos de los participantes. Hagamos que los \u201cmaestros y disc\u00edpulos\u201d, participen con un esp\u00edritu exclusivo de adoraci\u00f3n y no de protagonismo.<\/p>\n\n\n\n<h2 class=\"wp-block-heading\">CITA SELECTA<\/h2>\n\n\n\n<figure class=\"wp-block-pullquote\"><blockquote><p>\u201cDios ha entretejido la\u00a0m\u00fasica\u00a0en la trama misma de su creaci\u00f3n. Por ejemplo, cuando hizo todas las cosas, \u201calababan todas las estrellas del alba, y se regocijaban todos los hijos de Dios\u201d.\u00a0Job 38:7. El libro del Apocalipsis describe el cielo como un lugar de alabanza incesante, que resuena con c\u00e1nticos de\u00a0adoraci\u00f3n\u00a0a Dios y al Cordero por parte de todos.\u00a0Apocalipsis 4:9-11;\u00a0Debido a que Dios hizo al ser humano a su imagen, compartimos el amor y el aprecio por la m\u00fasica con todos los seres creados. De hecho, la m\u00fasica puede tocarnos y conmovernos con un poder que va m\u00e1s all\u00e1 de las palabras o cualquier otro tipo de comunicaci\u00f3n.\u00a0La mejor m\u00fasica, la m\u00e1s pura, eleva nuestro ser hasta la misma presencia de Dios, donde los \u00e1ngeles y los seres no ca\u00eddos lo adoran con c\u00e1nticos\u201d.\u00a0<\/p><cite>LA M\u00daSICA, P.58<\/cite><\/blockquote><\/figure>\n\n\n\n<h2 class=\"wp-block-heading\">ORACI\u00d3N<\/h2>\n\n\n\n<p>SE\u00d1OR, MERECEDOR DE TODA ALABANZA. PERMITE QUE LA ADORACI\u00d3N Y ALABANZAS QUE ENTONEMOS EN FORMA CONGREGACIONAL, INDIVIDUAL, CON COROS O CONJUNTOS DE INSTRUMENTOS, LLEGUEN ANTE EL TRONO DE TU PRESENCIA. POR JES\u00daS, AM\u00c9N.<\/p>\n\n\n\n<iframe width=\"100%\" height=\"166\" scrolling=\"no\" frameborder=\"no\" allow=\"autoplay\" src=\"https:\/\/w.soundcloud.com\/player\/?url=https%3A\/\/api.soundcloud.com\/tracks\/1420352830&#038;color=%23ff5500&#038;auto_play=true&#038;hide_related=true&#038;show_comments=false&#038;show_user=true&#038;show_reposts=false&#038;show_teaser=true\"><\/iframe><div style=\"font-size: 10px; color: #cccccc;line-break: anywhere;word-break: normal;overflow: hidden;white-space: nowrap;text-overflow: ellipsis; font-family: Interstate,Lucida Grande,Lucida Sans Unicode,Lucida Sans,Garuda,Verdana,Tahoma,sans-serif;font-weight: 100;\"><a href=\"https:\/\/soundcloud.com\/centro-white-unadeca-1\" title=\"Escuela de Teolog\u00eda, UNADECA\" target=\"_blank\" style=\"color: #cccccc; text-decoration: none;\" rel=\"noopener\">Escuela de Teolog\u00eda, UNADECA<\/a> \u00b7 <a href=\"https:\/\/soundcloud.com\/centro-white-unadeca-1\/web-20230111-1cronicas25\" title=\"Web 20230111 1Cronicas25\" target=\"_blank\" style=\"color: #cccccc; text-decoration: none;\" rel=\"noopener\">Web 20230111 1Cronicas25<\/a><\/div>\n","protected":false},"excerpt":{"rendered":"<p>IMPORTANCIA DE LA M\u00daSICA EN EL CULTO Y LA ADORACI\u00d3N VERS\u00cdCULO PARA MEMORIZAR:\u00a0David y los jefes del ej\u00e9rcito separaron para el servicio del culto a los hijos de Asaf, de Hem\u00e1n y de Iedut\u00fan, los cuales profetizaban, acompa\u00f1\u00e1ndose con c\u00edtaras, arpas y c\u00edmbalos. 1 CR\u00d3NICAS 25:1 COMENTARIO HIST\u00d3RICO El primer vers\u00edculo del cap\u00edtulo menciona que [&hellip;]<\/p>\n","protected":false},"author":1,"featured_media":0,"comment_status":"open","ping_status":"open","sticky":false,"template":"","format":"standard","meta":{"_eb_attr":"","site-sidebar-layout":"default","site-content-layout":"","ast-site-content-layout":"","site-content-style":"default","site-sidebar-style":"default","ast-global-header-display":"","ast-banner-title-visibility":"","ast-main-header-display":"","ast-hfb-above-header-display":"","ast-hfb-below-header-display":"","ast-hfb-mobile-header-display":"","site-post-title":"","ast-breadcrumbs-content":"","ast-featured-img":"","footer-sml-layout":"","theme-transparent-header-meta":"","adv-header-id-meta":"","stick-header-meta":"","header-above-stick-meta":"","header-main-stick-meta":"","header-below-stick-meta":"","astra-migrate-meta-layouts":"default","ast-page-background-enabled":"default","ast-page-background-meta":{"desktop":{"background-color":"var(--ast-global-color-4)","background-image":"","background-repeat":"repeat","background-position":"center center","background-size":"auto","background-attachment":"scroll","background-type":"","background-media":"","overlay-type":"","overlay-color":"","overlay-gradient":""},"tablet":{"background-color":"","background-image":"","background-repeat":"repeat","background-position":"center center","background-size":"auto","background-attachment":"scroll","background-type":"","background-media":"","overlay-type":"","overlay-color":"","overlay-gradient":""},"mobile":{"background-color":"","background-image":"","background-repeat":"repeat","background-position":"center center","background-size":"auto","background-attachment":"scroll","background-type":"","background-media":"","overlay-type":"","overlay-color":"","overlay-gradient":""}},"ast-content-background-meta":{"desktop":{"background-color":"var(--ast-global-color-5)","background-image":"","background-repeat":"repeat","background-position":"center center","background-size":"auto","background-attachment":"scroll","background-type":"","background-media":"","overlay-type":"","overlay-color":"","overlay-gradient":""},"tablet":{"background-color":"var(--ast-global-color-5)","background-image":"","background-repeat":"repeat","background-position":"center center","background-size":"auto","background-attachment":"scroll","background-type":"","background-media":"","overlay-type":"","overlay-color":"","overlay-gradient":""},"mobile":{"background-color":"var(--ast-global-color-5)","background-image":"","background-repeat":"repeat","background-position":"center center","background-size":"auto","background-attachment":"scroll","background-type":"","background-media":"","overlay-type":"","overlay-color":"","overlay-gradient":""}},"footnotes":""},"categories":[1],"tags":[],"class_list":["post-227085","post","type-post","status-publish","format-standard","hentry","category-atentos"],"_links":{"self":[{"href":"http:\/\/unadeca.ac.cr\/teologia\/wp-json\/wp\/v2\/posts\/227085","targetHints":{"allow":["GET"]}}],"collection":[{"href":"http:\/\/unadeca.ac.cr\/teologia\/wp-json\/wp\/v2\/posts"}],"about":[{"href":"http:\/\/unadeca.ac.cr\/teologia\/wp-json\/wp\/v2\/types\/post"}],"author":[{"embeddable":true,"href":"http:\/\/unadeca.ac.cr\/teologia\/wp-json\/wp\/v2\/users\/1"}],"replies":[{"embeddable":true,"href":"http:\/\/unadeca.ac.cr\/teologia\/wp-json\/wp\/v2\/comments?post=227085"}],"version-history":[{"count":1,"href":"http:\/\/unadeca.ac.cr\/teologia\/wp-json\/wp\/v2\/posts\/227085\/revisions"}],"predecessor-version":[{"id":227086,"href":"http:\/\/unadeca.ac.cr\/teologia\/wp-json\/wp\/v2\/posts\/227085\/revisions\/227086"}],"wp:attachment":[{"href":"http:\/\/unadeca.ac.cr\/teologia\/wp-json\/wp\/v2\/media?parent=227085"}],"wp:term":[{"taxonomy":"category","embeddable":true,"href":"http:\/\/unadeca.ac.cr\/teologia\/wp-json\/wp\/v2\/categories?post=227085"},{"taxonomy":"post_tag","embeddable":true,"href":"http:\/\/unadeca.ac.cr\/teologia\/wp-json\/wp\/v2\/tags?post=227085"}],"curies":[{"name":"wp","href":"https:\/\/api.w.org\/{rel}","templated":true}]}}