{"id":227149,"date":"2023-02-05T00:00:00","date_gmt":"2023-02-05T00:00:00","guid":{"rendered":"https:\/\/unadeca.ac.cr\/teologia\/?p=227149"},"modified":"2023-01-30T11:56:21","modified_gmt":"2023-01-30T11:56:21","slug":"2-cronicas-21-5-febrero-2023","status":"publish","type":"post","link":"http:\/\/unadeca.ac.cr\/teologia\/2023\/02\/05\/2-cronicas-21-5-febrero-2023\/","title":{"rendered":"2 CR\u00d3NICAS 21 &#8211; 5 FEBRERO 2023"},"content":{"rendered":"\n<h2 class=\"wp-block-heading\">MORIR SIN PENA NI GLORIA<\/h2>\n\n\n\n<blockquote class=\"wp-block-quote is-layout-flow wp-block-quote-is-layout-flow\">\n<p>VERS\u00cdCULO PARA MEMORIZAR: \u201cPasaron los d\u00edas y, al cabo de dos a\u00f1os, muri\u00f3 en medio de una terrible agon\u00eda, pues por causa de su enfermedad se le salieron los intestinos. Su pueblo no encendi\u00f3 ninguna hoguera en su honor, como se hab\u00eda hecho en honor de sus antepasados\u201d.<\/p>\n<cite>2 CR\u00d3NICAS 21:19<\/cite><\/blockquote>\n\n\n\n<h2 class=\"wp-block-heading\">COMENTARIO HIST\u00d3RICO<\/h2>\n\n\n\n<p>El rey Joram de Jud\u00e1, por haberse casado con Atal\u00eda, la hija de Acab y Jezabel, se relacion\u00f3 en forma estrecha con la idolatr\u00eda, por esa raz\u00f3n, durante su reinado decidi\u00f3 adorar a Baal y promovi\u00f3 la adoraci\u00f3n de todos los dioses cananeos. El profeta El\u00edas quien viv\u00eda en el reino del Norte, fue dirigido por Dios para enviarle una comunicaci\u00f3n escrita a Joram. En la carta, el profeta le env\u00eda este mensaje pavoroso: \u201c<em>Jehov\u00e1, el Dios de David tu padre, ha dicho as\u00ed: Por cuanto no has andado en los caminos de Josafat tu padre, ni en los caminos de Asa, rey de Jud\u00e1, antes has andado en el camino de los reyes de Israel, y has hecho que fornicase Jud\u00e1, y los moradores de Jerusal\u00e9n, como fornic\u00f3 la casa de Acab; y adem\u00e1s\u00a0has muerto a tus hermanos, a la familia de tu padre, los cuales eran mejores que t\u00fa: he aqu\u00ed Jehov\u00e1 herir\u00e1 tu pueblo de una grande plaga<\/em>.\u201d<\/p>\n\n\n\n<p>Joram no solo llev\u00f3 a la apostas\u00eda espiritual de Israel, sino que mat\u00f3 a todos sus hermanos y algunos l\u00edderes del pueblo. Se debe resaltar que cuando una persona se siente insegura en el \u201cCARGO O RESPONSABILIDAD\u201d que le han asignado, hace lo mismo que Joram: despide a las personas m\u00e1s capacitadas, maltrata a los subalternos para que renuncien al cargo, reubica en cargos de menor responsabilidad, anula los equipos de trabajo que estaban produciendo. Por tener una conducta peor que todos los reyes antecesores, El\u00edas le profetiz\u00f3 que morir\u00eda con una enfermedad incurable. Despu\u00e9s de dos a\u00f1os de recibir esta sentencia, Joram enferm\u00f3 y sufri\u00f3 una terrible agon\u00eda antes de morir, porque los intestinos se le salieron. Cuando Joram falleci\u00f3, nadie hizo duelo por su muerte, ni se encendi\u00f3 fuego.<\/p>\n\n\n\n<h2 class=\"wp-block-heading\">CITA SELECTA<\/h2>\n\n\n\n<figure class=\"wp-block-pullquote\"><blockquote><p>\u201cDespert\u00f3 Jehov\u00e1 contra Joram el esp\u00edritu de los Filisteos, y de los Arabes que estaban junto a los Et\u00edopes; y subieron contra Jud\u00e1, e<br>invadieron la tierra, y tomaron toda la hacienda que hallaron en la casa del rey, y a sus hijos, y a sus mujeres. \u201cY aconteci\u00f3 que, pasando un d\u00eda tras otro, al fin, al cabo de dos a\u00f1os,\u201d muri\u00f3 de esa \u201cenfermedad muy penosa.\u201d<\/p><cite>Profetas y Reyes, p.159<\/cite><\/blockquote><\/figure>\n\n\n\n<h2 class=\"wp-block-heading\">ORACI\u00d3N<\/h2>\n\n\n\n<p>AMANTE PADRE, TE PEDIMOS PERD\u00d3N SI HEMOS ESTADO MALTRATANDO A ALGUNA PERSONA. QUE TU SANTO ESP\u00cdRITU HABLE A NUESTRA CONCIENCIA PARA QUE NOS ALEJEMOS DE CUALQUIER PECADO. POR JES\u00daS, AM\u00c9N.\u00a0<\/p>\n\n\n\n<iframe width=\"100%\" height=\"166\" scrolling=\"no\" frameborder=\"no\" allow=\"autoplay\" src=\"https:\/\/w.soundcloud.com\/player\/?url=https%3A\/\/api.soundcloud.com\/tracks\/1434195724&#038;color=%23ff5500&#038;auto_play=true&#038;hide_related=false&#038;show_comments=false&#038;show_user=true&#038;show_reposts=false&#038;show_teaser=true\"><\/iframe><div style=\"font-size: 10px; color: #cccccc;line-break: anywhere;word-break: normal;overflow: hidden;white-space: nowrap;text-overflow: ellipsis; font-family: Interstate,Lucida Grande,Lucida Sans Unicode,Lucida Sans,Garuda,Verdana,Tahoma,sans-serif;font-weight: 100;\"><a href=\"https:\/\/soundcloud.com\/centro-white-unadeca-1\" title=\"Escuela de Teolog\u00eda, UNADECA\" target=\"_blank\" style=\"color: #cccccc; text-decoration: none;\" rel=\"noopener\">Escuela de Teolog\u00eda, UNADECA<\/a> \u00b7 <a href=\"https:\/\/soundcloud.com\/centro-white-unadeca-1\/20230205-2cronicas21\" title=\"20230205 2Cronicas21\" target=\"_blank\" style=\"color: #cccccc; text-decoration: none;\" rel=\"noopener\">20230205 2Cronicas21<\/a><\/div>\n","protected":false},"excerpt":{"rendered":"<p>MORIR SIN PENA NI GLORIA VERS\u00cdCULO PARA MEMORIZAR: \u201cPasaron los d\u00edas y, al cabo de dos a\u00f1os, muri\u00f3 en medio de una terrible agon\u00eda, pues por causa de su enfermedad se le salieron los intestinos. Su pueblo no encendi\u00f3 ninguna hoguera en su honor, como se hab\u00eda hecho en honor de sus antepasados\u201d. 2 CR\u00d3NICAS [&hellip;]<\/p>\n","protected":false},"author":1,"featured_media":0,"comment_status":"open","ping_status":"open","sticky":false,"template":"","format":"standard","meta":{"_eb_attr":"","site-sidebar-layout":"default","site-content-layout":"","ast-site-content-layout":"","site-content-style":"default","site-sidebar-style":"default","ast-global-header-display":"","ast-banner-title-visibility":"","ast-main-header-display":"","ast-hfb-above-header-display":"","ast-hfb-below-header-display":"","ast-hfb-mobile-header-display":"","site-post-title":"","ast-breadcrumbs-content":"","ast-featured-img":"","footer-sml-layout":"","theme-transparent-header-meta":"","adv-header-id-meta":"","stick-header-meta":"","header-above-stick-meta":"","header-main-stick-meta":"","header-below-stick-meta":"","astra-migrate-meta-layouts":"default","ast-page-background-enabled":"default","ast-page-background-meta":{"desktop":{"background-color":"var(--ast-global-color-4)","background-image":"","background-repeat":"repeat","background-position":"center center","background-size":"auto","background-attachment":"scroll","background-type":"","background-media":"","overlay-type":"","overlay-color":"","overlay-gradient":""},"tablet":{"background-color":"","background-image":"","background-repeat":"repeat","background-position":"center center","background-size":"auto","background-attachment":"scroll","background-type":"","background-media":"","overlay-type":"","overlay-color":"","overlay-gradient":""},"mobile":{"background-color":"","background-image":"","background-repeat":"repeat","background-position":"center center","background-size":"auto","background-attachment":"scroll","background-type":"","background-media":"","overlay-type":"","overlay-color":"","overlay-gradient":""}},"ast-content-background-meta":{"desktop":{"background-color":"var(--ast-global-color-5)","background-image":"","background-repeat":"repeat","background-position":"center center","background-size":"auto","background-attachment":"scroll","background-type":"","background-media":"","overlay-type":"","overlay-color":"","overlay-gradient":""},"tablet":{"background-color":"var(--ast-global-color-5)","background-image":"","background-repeat":"repeat","background-position":"center center","background-size":"auto","background-attachment":"scroll","background-type":"","background-media":"","overlay-type":"","overlay-color":"","overlay-gradient":""},"mobile":{"background-color":"var(--ast-global-color-5)","background-image":"","background-repeat":"repeat","background-position":"center center","background-size":"auto","background-attachment":"scroll","background-type":"","background-media":"","overlay-type":"","overlay-color":"","overlay-gradient":""}},"footnotes":""},"categories":[1],"tags":[],"class_list":["post-227149","post","type-post","status-publish","format-standard","hentry","category-atentos"],"_links":{"self":[{"href":"http:\/\/unadeca.ac.cr\/teologia\/wp-json\/wp\/v2\/posts\/227149","targetHints":{"allow":["GET"]}}],"collection":[{"href":"http:\/\/unadeca.ac.cr\/teologia\/wp-json\/wp\/v2\/posts"}],"about":[{"href":"http:\/\/unadeca.ac.cr\/teologia\/wp-json\/wp\/v2\/types\/post"}],"author":[{"embeddable":true,"href":"http:\/\/unadeca.ac.cr\/teologia\/wp-json\/wp\/v2\/users\/1"}],"replies":[{"embeddable":true,"href":"http:\/\/unadeca.ac.cr\/teologia\/wp-json\/wp\/v2\/comments?post=227149"}],"version-history":[{"count":1,"href":"http:\/\/unadeca.ac.cr\/teologia\/wp-json\/wp\/v2\/posts\/227149\/revisions"}],"predecessor-version":[{"id":227150,"href":"http:\/\/unadeca.ac.cr\/teologia\/wp-json\/wp\/v2\/posts\/227149\/revisions\/227150"}],"wp:attachment":[{"href":"http:\/\/unadeca.ac.cr\/teologia\/wp-json\/wp\/v2\/media?parent=227149"}],"wp:term":[{"taxonomy":"category","embeddable":true,"href":"http:\/\/unadeca.ac.cr\/teologia\/wp-json\/wp\/v2\/categories?post=227149"},{"taxonomy":"post_tag","embeddable":true,"href":"http:\/\/unadeca.ac.cr\/teologia\/wp-json\/wp\/v2\/tags?post=227149"}],"curies":[{"name":"wp","href":"https:\/\/api.w.org\/{rel}","templated":true}]}}