{"id":227501,"date":"2023-05-24T00:00:00","date_gmt":"2023-05-24T00:00:00","guid":{"rendered":"https:\/\/unadeca.ac.cr\/teologia\/?p=227501"},"modified":"2023-05-11T21:05:14","modified_gmt":"2023-05-11T21:05:14","slug":"salmo-18-24-mayo-2023","status":"publish","type":"post","link":"http:\/\/unadeca.ac.cr\/teologia\/2023\/05\/24\/salmo-18-24-mayo-2023\/","title":{"rendered":"SALMO 18 &#8211; 24 MAYO 2023"},"content":{"rendered":"\n<h1 class=\"wp-block-heading has-vivid-cyan-blue-color has-text-color\">EXPRESEMOS CON ALEGR\u00cdA: TE AMO, OH JEHOV\u00c1, FORTALEZA M\u00cdA, MI ESCUDO, MI SALVACI\u00d3N<\/h1>\n\n\n\n<hr class=\"wp-block-separator has-alpha-channel-opacity\"\/>\n\n\n\n<p class=\"has-text-align-center\"><strong>VERS\u00cdCULO PARA MEMORIZAR:<\/strong><\/p>\n\n\n\n<p class=\"has-text-align-center has-cyan-bluish-gray-background-color has-background\">\u201cJehov\u00e1, roca m\u00eda y castillo m\u00edo, y mi libertador; Dios m\u00edo, fortaleza m\u00eda, en \u00e9l confiar\u00e9; Mi escudo, y el cuerno de mi salvaci\u00f3n, mi alto refugio\u201d.<\/p>\n\n\n\n<p class=\"has-text-align-center\"><em>SALMO 18: 2<\/em><\/p>\n\n\n\n<hr class=\"wp-block-separator has-alpha-channel-opacity\"\/>\n\n\n\n<h2 class=\"wp-block-heading\">COMENTARIO HIST\u00d3RICO DE SALMOS 18<\/h2>\n\n\n\n<p>Seg\u00fan el t\u00edtulo de este salmo, fue escrito por David para agradecer a Dios por darle la victoria en todas sus luchas y pruebas. Aunque el salmista sin duda tiene en mente batallas y victorias espec\u00edficas, est\u00e1 alabando a Dios por todas las veces que le ha salvado de pruebas y por darle la victoria final sobre Sa\u00fal y su ej\u00e9rcito.<\/p>\n\n\n\n<p>Las palabras que resaltan en este salmo son:<\/p>\n\n\n\n<p><strong>1) ROCA Y CASTILLO M\u00cdO.<\/strong> David se hab\u00eda refugiado en una pe\u00f1a o en una roca agrietada cuando Sa\u00fal lo persegu\u00eda. Ahora usa esta met\u00e1fora para referirse a Dios, como el refugio seguro. En los Salmos, veinte dos veces se dice que Jehov\u00e1 es la roca. El poeta tambi\u00e9n lo compar\u00f3 con una fortaleza o un castillo que est\u00e1 en un lugar alto o refugio defensivo hacia el cual puede uno huir buscando protecci\u00f3n;<\/p>\n\n\n\n<p><strong>2) MI LIBERTADOR.-<\/strong> David reconoce que Dios es el gran libertador de su vida. David lo representa como el general que comanda las huestes angelicales, saliendo en batalla para liberar a sus hijos del yugo opresor;<\/p>\n\n\n\n<p><strong>3) <\/strong><strong>MI ESCUDO Y LA FUERZA DE MI SALVACI\u00d3N.<\/strong> David compar\u00f3 a Dios con un escudo. El escudo se us\u00f3 en las batallas por muchos siglos, porque proteg\u00eda de las lanzas, flechas o piedras que lanzaba el enemigo. Por \u00faltimo, David alaba a Dios por otorgarle la salvaci\u00f3n de sus enemigos. Alabemos a Dios por las innumerables demostraciones de cuidado y protecci\u00f3n.<\/p>\n\n\n\n<h2 class=\"wp-block-heading\">CITA SELECTA<\/h2>\n\n\n\n<p>\u201cLos peligros que hab\u00edan amenazado a la naci\u00f3n con la destrucci\u00f3n total, resultaron, mediante la providencia de Dios, en medios de llevarla a una grandeza sin precedente. Al conmemorar sus notorios libramientos, David cant\u00f3 as\u00ed:\u00a0\u201cViva Jehov\u00e1, y sea bendita mi\u00a0roca; Y ensalzado sea el Dios de mi salud: El Dios que me da las venganzas, Y sujet\u00f3 pueblos a m\u00ed.\u00a0Mi\u00a0libertador\u00a0de mis enemigos: me hiciste tambi\u00e9n superior de mis adversarios; me libraste de var\u00f3n violento. Y mediante los cantos de David se inculc\u00f3 al pueblo el pensamiento de que Jehov\u00e1 era su fortaleza y su libertador\u201d\u00a0(PATRIARCAS Y PROFETAS, P.774).<\/p>\n\n\n\n<h2 class=\"wp-block-heading\">ORACI\u00d3N:<\/h2>\n\n\n\n<p>GRACIAS PODEROSO DIOS POR TU CUIDADO Y PROTECCI\u00d3N, TE AGRADECEMOS POR SER NUESTRA ROCA, CASTILLO, ESCUDO Y LA FUERZA DE NUESTRA SALVACI\u00d3N. POR ESAS RAZONES, OH DIOS TODOPODEROSO, TE AMAMOS Y TE ADORAMOS. POR JES\u00daS, AM\u00c9N.&nbsp;<\/p>\n","protected":false},"excerpt":{"rendered":"<p>EXPRESEMOS CON ALEGR\u00cdA: TE AMO, OH JEHOV\u00c1, FORTALEZA M\u00cdA, MI ESCUDO, MI SALVACI\u00d3N VERS\u00cdCULO PARA MEMORIZAR: \u201cJehov\u00e1, roca m\u00eda y castillo m\u00edo, y mi libertador; Dios m\u00edo, fortaleza m\u00eda, en \u00e9l confiar\u00e9; Mi escudo, y el cuerno de mi salvaci\u00f3n, mi alto refugio\u201d. SALMO 18: 2 COMENTARIO HIST\u00d3RICO DE SALMOS 18 Seg\u00fan el t\u00edtulo de [&hellip;]<\/p>\n","protected":false},"author":1,"featured_media":0,"comment_status":"open","ping_status":"open","sticky":false,"template":"","format":"standard","meta":{"_eb_attr":"","site-sidebar-layout":"default","site-content-layout":"","ast-site-content-layout":"","site-content-style":"default","site-sidebar-style":"default","ast-global-header-display":"","ast-banner-title-visibility":"","ast-main-header-display":"","ast-hfb-above-header-display":"","ast-hfb-below-header-display":"","ast-hfb-mobile-header-display":"","site-post-title":"","ast-breadcrumbs-content":"","ast-featured-img":"","footer-sml-layout":"","theme-transparent-header-meta":"","adv-header-id-meta":"","stick-header-meta":"","header-above-stick-meta":"","header-main-stick-meta":"","header-below-stick-meta":"","astra-migrate-meta-layouts":"default","ast-page-background-enabled":"default","ast-page-background-meta":{"desktop":{"background-color":"var(--ast-global-color-4)","background-image":"","background-repeat":"repeat","background-position":"center center","background-size":"auto","background-attachment":"scroll","background-type":"","background-media":"","overlay-type":"","overlay-color":"","overlay-gradient":""},"tablet":{"background-color":"","background-image":"","background-repeat":"repeat","background-position":"center center","background-size":"auto","background-attachment":"scroll","background-type":"","background-media":"","overlay-type":"","overlay-color":"","overlay-gradient":""},"mobile":{"background-color":"","background-image":"","background-repeat":"repeat","background-position":"center center","background-size":"auto","background-attachment":"scroll","background-type":"","background-media":"","overlay-type":"","overlay-color":"","overlay-gradient":""}},"ast-content-background-meta":{"desktop":{"background-color":"var(--ast-global-color-5)","background-image":"","background-repeat":"repeat","background-position":"center center","background-size":"auto","background-attachment":"scroll","background-type":"","background-media":"","overlay-type":"","overlay-color":"","overlay-gradient":""},"tablet":{"background-color":"var(--ast-global-color-5)","background-image":"","background-repeat":"repeat","background-position":"center center","background-size":"auto","background-attachment":"scroll","background-type":"","background-media":"","overlay-type":"","overlay-color":"","overlay-gradient":""},"mobile":{"background-color":"var(--ast-global-color-5)","background-image":"","background-repeat":"repeat","background-position":"center center","background-size":"auto","background-attachment":"scroll","background-type":"","background-media":"","overlay-type":"","overlay-color":"","overlay-gradient":""}},"footnotes":""},"categories":[1],"tags":[],"class_list":["post-227501","post","type-post","status-publish","format-standard","hentry","category-atentos"],"_links":{"self":[{"href":"http:\/\/unadeca.ac.cr\/teologia\/wp-json\/wp\/v2\/posts\/227501","targetHints":{"allow":["GET"]}}],"collection":[{"href":"http:\/\/unadeca.ac.cr\/teologia\/wp-json\/wp\/v2\/posts"}],"about":[{"href":"http:\/\/unadeca.ac.cr\/teologia\/wp-json\/wp\/v2\/types\/post"}],"author":[{"embeddable":true,"href":"http:\/\/unadeca.ac.cr\/teologia\/wp-json\/wp\/v2\/users\/1"}],"replies":[{"embeddable":true,"href":"http:\/\/unadeca.ac.cr\/teologia\/wp-json\/wp\/v2\/comments?post=227501"}],"version-history":[{"count":1,"href":"http:\/\/unadeca.ac.cr\/teologia\/wp-json\/wp\/v2\/posts\/227501\/revisions"}],"predecessor-version":[{"id":227502,"href":"http:\/\/unadeca.ac.cr\/teologia\/wp-json\/wp\/v2\/posts\/227501\/revisions\/227502"}],"wp:attachment":[{"href":"http:\/\/unadeca.ac.cr\/teologia\/wp-json\/wp\/v2\/media?parent=227501"}],"wp:term":[{"taxonomy":"category","embeddable":true,"href":"http:\/\/unadeca.ac.cr\/teologia\/wp-json\/wp\/v2\/categories?post=227501"},{"taxonomy":"post_tag","embeddable":true,"href":"http:\/\/unadeca.ac.cr\/teologia\/wp-json\/wp\/v2\/tags?post=227501"}],"curies":[{"name":"wp","href":"https:\/\/api.w.org\/{rel}","templated":true}]}}