{"id":227593,"date":"2023-06-18T00:00:00","date_gmt":"2023-06-18T00:00:00","guid":{"rendered":"https:\/\/unadeca.ac.cr\/teologia\/?p=227593"},"modified":"2023-06-11T14:51:12","modified_gmt":"2023-06-11T14:51:12","slug":"salmo-43-18-marzo-2023","status":"publish","type":"post","link":"http:\/\/unadeca.ac.cr\/teologia\/2023\/06\/18\/salmo-43-18-marzo-2023\/","title":{"rendered":"SALMO 43 &#8211; 18 MARZO 2023"},"content":{"rendered":"\n<h2 class=\"wp-block-heading has-vivid-green-cyan-color has-text-color\">EN LUGAR DE ANGUSTIARNOS, CONFIEMOS EN DIOS<\/h2>\n\n\n\n<hr class=\"wp-block-separator has-alpha-channel-opacity\"\/>\n\n\n\n<h2 class=\"wp-block-heading has-text-align-center\">VERS\u00cdCULO PARA MEMORIZAR:<\/h2>\n\n\n\n<p class=\"has-text-align-center has-light-green-cyan-background-color has-background\">\u201c\u00bfPor qu\u00e9 voy a inquietarme? \u00bfPor qu\u00e9 me voy a angustiar? En Dios pondr\u00e9 mi esperanza, y todav\u00eda lo alabar\u00e9. \u00a1\u00c9l es mi Salvador y mi Dios! SALMO 43:5<\/p>\n\n\n\n<hr class=\"wp-block-separator has-alpha-channel-opacity\"\/>\n\n\n\n<h2 class=\"wp-block-heading\">COMENTARIO HIST\u00d3RICO DE SALMOS 43<\/h2>\n\n\n\n<p>Algunos eruditos creen que el salmo 42 y 43 era uno solo, porque tienen expresiones similares, hay unidad de tema, ansiedad de sentir la presencia de Dios, los recuerdos del pasado le producen dolor, enfrenta aflicciones, y declara que Dios es su Salvador.<\/p>\n\n\n\n<p>Adem\u00e1s, este salmo contin\u00faa con las preguntas argumentativas:<\/p>\n\n\n\n<p>1) \u00bfPor qu\u00e9 me has rechazado?<\/p>\n\n\n\n<p>2) \u00bfPor qu\u00e9 debo andar de luto y oprimido por el enemigo?<\/p>\n\n\n\n<p>3) \u00bfPor qu\u00e9 voy a inquietarme?<\/p>\n\n\n\n<p>4) \u00bfPor qu\u00e9 me voy a angustiar?<\/p>\n\n\n\n<p>Vivimos con temor al futuro, miedo a lo desconocido, intranquilidad por el presente, y angustia por los hijos. Ante estos cuadros de ansiedad, el salmista hace una pregunta ret\u00f3rica: \u201c\u00bfPor qu\u00e9 te abates, oh alma m\u00eda, y por qu\u00e9 te turbas dentro de m\u00ed?\u201d \u00c9l mismo se responde y hace una declaraci\u00f3n de fe: \u201cEn Dios pondr\u00e9 mi esperanza, y todav\u00eda lo alabar\u00e9. \u00a1\u00c9l es mi Salvador y mi Dios!\u201d.<\/p>\n\n\n\n<p>Por encima de las angustias y tribulaciones deposita su FE en su SALVADOR Y SU DIOS. La \u00fanica esperanza infalible la podemos tener en Dios, porque es nuestro redentor, sustituto y salvador.<\/p>\n\n\n\n<h2 class=\"wp-block-heading\">CITA SELECTA<\/h2>\n\n\n\n<p>\u201cCuando alguien les pregunte c\u00f3mo se sienten, no se quejen, ni critiquen, ni traten de pensar en algo triste para contarle con el fin de ganar su compasi\u00f3n; sino t\u00f3melo de la mano, diciendo: \u201c\u00a1Alabado sea Dios! \u00a1Bueno es el Se\u00f1or, y digno de ser honrado en gran manera! Lo amo porque El me am\u00f3 primero\u201d. Sea su conversaci\u00f3n alentadora y llena de esperanza. No hablen con des\u00e1nimo, contando su falta de fe, sus penas y sufrimientos, pues el diablo se deleita en o\u00edr tales palabras. Cuando hablan de temas deprimentes, est\u00e1n glorificando al enemigo. Hablen de la fe, la esperanza y el valor, glorificando as\u00ed a Dios.<\/p>\n\n\n\n<p>En vez de causar da\u00f1o con los chismes, hablemos del inigualable poder de Cristo, y conversemos de su gloria, magnificando y exaltando as\u00ed al Se\u00f1or Jehov\u00e1 de los ej\u00e9rcitos, y prepar\u00e1ndonos para entonar el c\u00e1ntico de victoria en el reino de gloria. Cantando canciones de triunfo y acci\u00f3n de gracias ahora, podemos aprestarnos para entonar el c\u00e1ntico de Mois\u00e9s y del Cordero cuando nos encontremos sobre el mar de vidrio\u201d (ALZA TUS OJOS, P. 304).<\/p>\n\n\n\n<h2 class=\"wp-block-heading\">ORACI\u00d3N:<\/h2>\n\n\n\n<p>PADRE, RECONOCEMOS QUE LAS VICISITUDES QUE ENFRENTAMOS A DIARIO, NOS PRODUCEN ANSIEDAD Y TEMOR. TE SUPLICAMOS QUE NOS AUMENTES LA FE PARA TENER LA CERTEZA QUE ERES NUESTRO SALVADOR. POR JES\u00daS, AM\u00c9N.<\/p>\n\n\n\n<iframe width=\"100%\" height=\"166\" scrolling=\"no\" frameborder=\"no\" allow=\"autoplay\" src=\"https:\/\/w.soundcloud.com\/player\/?url=https%3A\/\/api.soundcloud.com\/tracks\/1536888373&#038;color=%23ff5500&#038;auto_play=true&#038;hide_related=false&#038;show_comments=false&#038;show_user=true&#038;show_reposts=false&#038;show_teaser=true\"><\/iframe><div style=\"font-size: 10px; color: #cccccc;line-break: anywhere;word-break: normal;overflow: hidden;white-space: nowrap;text-overflow: ellipsis; font-family: Interstate,Lucida Grande,Lucida Sans Unicode,Lucida Sans,Garuda,Verdana,Tahoma,sans-serif;font-weight: 100;\"><a href=\"https:\/\/soundcloud.com\/centro-white-unadeca-1\" title=\"Escuela de Teolog\u00eda, UNADECA\" target=\"_blank\" style=\"color: #cccccc; text-decoration: none;\" rel=\"noopener\">Escuela de Teolog\u00eda, UNADECA<\/a> \u00b7 <a href=\"https:\/\/soundcloud.com\/centro-white-unadeca-1\/20230618-salmo43\" title=\"20230618 Salmo43\" target=\"_blank\" style=\"color: #cccccc; text-decoration: none;\" rel=\"noopener\">20230618 Salmo43<\/a><\/div>\n","protected":false},"excerpt":{"rendered":"<p>EN LUGAR DE ANGUSTIARNOS, CONFIEMOS EN DIOS VERS\u00cdCULO PARA MEMORIZAR: \u201c\u00bfPor qu\u00e9 voy a inquietarme? \u00bfPor qu\u00e9 me voy a angustiar? En Dios pondr\u00e9 mi esperanza, y todav\u00eda lo alabar\u00e9. \u00a1\u00c9l es mi Salvador y mi Dios! SALMO 43:5 COMENTARIO HIST\u00d3RICO DE SALMOS 43 Algunos eruditos creen que el salmo 42 y 43 era uno [&hellip;]<\/p>\n","protected":false},"author":1,"featured_media":0,"comment_status":"open","ping_status":"open","sticky":false,"template":"","format":"standard","meta":{"_eb_attr":"","site-sidebar-layout":"default","site-content-layout":"","ast-site-content-layout":"","site-content-style":"default","site-sidebar-style":"default","ast-global-header-display":"","ast-banner-title-visibility":"","ast-main-header-display":"","ast-hfb-above-header-display":"","ast-hfb-below-header-display":"","ast-hfb-mobile-header-display":"","site-post-title":"","ast-breadcrumbs-content":"","ast-featured-img":"","footer-sml-layout":"","theme-transparent-header-meta":"","adv-header-id-meta":"","stick-header-meta":"","header-above-stick-meta":"","header-main-stick-meta":"","header-below-stick-meta":"","astra-migrate-meta-layouts":"default","ast-page-background-enabled":"default","ast-page-background-meta":{"desktop":{"background-color":"var(--ast-global-color-4)","background-image":"","background-repeat":"repeat","background-position":"center center","background-size":"auto","background-attachment":"scroll","background-type":"","background-media":"","overlay-type":"","overlay-color":"","overlay-gradient":""},"tablet":{"background-color":"","background-image":"","background-repeat":"repeat","background-position":"center center","background-size":"auto","background-attachment":"scroll","background-type":"","background-media":"","overlay-type":"","overlay-color":"","overlay-gradient":""},"mobile":{"background-color":"","background-image":"","background-repeat":"repeat","background-position":"center center","background-size":"auto","background-attachment":"scroll","background-type":"","background-media":"","overlay-type":"","overlay-color":"","overlay-gradient":""}},"ast-content-background-meta":{"desktop":{"background-color":"var(--ast-global-color-5)","background-image":"","background-repeat":"repeat","background-position":"center center","background-size":"auto","background-attachment":"scroll","background-type":"","background-media":"","overlay-type":"","overlay-color":"","overlay-gradient":""},"tablet":{"background-color":"var(--ast-global-color-5)","background-image":"","background-repeat":"repeat","background-position":"center center","background-size":"auto","background-attachment":"scroll","background-type":"","background-media":"","overlay-type":"","overlay-color":"","overlay-gradient":""},"mobile":{"background-color":"var(--ast-global-color-5)","background-image":"","background-repeat":"repeat","background-position":"center center","background-size":"auto","background-attachment":"scroll","background-type":"","background-media":"","overlay-type":"","overlay-color":"","overlay-gradient":""}},"footnotes":""},"categories":[1],"tags":[],"class_list":["post-227593","post","type-post","status-publish","format-standard","hentry","category-atentos"],"_links":{"self":[{"href":"http:\/\/unadeca.ac.cr\/teologia\/wp-json\/wp\/v2\/posts\/227593","targetHints":{"allow":["GET"]}}],"collection":[{"href":"http:\/\/unadeca.ac.cr\/teologia\/wp-json\/wp\/v2\/posts"}],"about":[{"href":"http:\/\/unadeca.ac.cr\/teologia\/wp-json\/wp\/v2\/types\/post"}],"author":[{"embeddable":true,"href":"http:\/\/unadeca.ac.cr\/teologia\/wp-json\/wp\/v2\/users\/1"}],"replies":[{"embeddable":true,"href":"http:\/\/unadeca.ac.cr\/teologia\/wp-json\/wp\/v2\/comments?post=227593"}],"version-history":[{"count":1,"href":"http:\/\/unadeca.ac.cr\/teologia\/wp-json\/wp\/v2\/posts\/227593\/revisions"}],"predecessor-version":[{"id":227594,"href":"http:\/\/unadeca.ac.cr\/teologia\/wp-json\/wp\/v2\/posts\/227593\/revisions\/227594"}],"wp:attachment":[{"href":"http:\/\/unadeca.ac.cr\/teologia\/wp-json\/wp\/v2\/media?parent=227593"}],"wp:term":[{"taxonomy":"category","embeddable":true,"href":"http:\/\/unadeca.ac.cr\/teologia\/wp-json\/wp\/v2\/categories?post=227593"},{"taxonomy":"post_tag","embeddable":true,"href":"http:\/\/unadeca.ac.cr\/teologia\/wp-json\/wp\/v2\/tags?post=227593"}],"curies":[{"name":"wp","href":"https:\/\/api.w.org\/{rel}","templated":true}]}}