{"id":227913,"date":"2023-09-20T00:00:00","date_gmt":"2023-09-20T00:00:00","guid":{"rendered":"https:\/\/unadeca.ac.cr\/teologia\/?p=227913"},"modified":"2023-09-16T15:09:43","modified_gmt":"2023-09-16T15:09:43","slug":"salmo-137-20-setiembre-2023","status":"publish","type":"post","link":"http:\/\/unadeca.ac.cr\/teologia\/2023\/09\/20\/salmo-137-20-setiembre-2023\/","title":{"rendered":"SALMO 137 &#8211; 20 SETIEMBRE 2023"},"content":{"rendered":"\n<h2 class=\"wp-block-heading\">DESAF\u00cdO: CANTAR Y ESTAR ALEGRES A PESAR DE LAS PRUEBAS<\/h2>\n\n\n\n<hr class=\"wp-block-separator has-alpha-channel-opacity\"\/>\n\n\n\n<h3 class=\"wp-block-heading\">VERS\u00cdCULO PARA MEMORIZAR:<\/h3>\n\n\n\n<p>\u201cY los que nos hab\u00edan llevado cautivos nos ped\u00edan que cant\u00e1semos,<\/p>\n\n\n\n<p>y los que nos hab\u00edan desolado nos ped\u00edan alegr\u00eda, diciendo:<\/p>\n\n\n\n<p>Cantadnos algunos de los c\u00e1nticos de Si\u00f3n\u201d.<\/p>\n\n\n\n<p>SALMO 137:3<\/p>\n\n\n\n<hr class=\"wp-block-separator has-alpha-channel-opacity\"\/>\n\n\n\n<h2 class=\"wp-block-heading\">COMENTARIO HIST\u00d3RICO DE SALMOS 137<\/h2>\n\n\n\n<p>El salmo 137 es llamado: \u201cEl canto del cautivo\u201d, porque describe los sufrimientos que experimentaron los israelitas cuando estuvieron desterrados en Babilonia. El tono quejumbroso de este salmo mueve siempre al lector a sentir compasi\u00f3n por los cautivos afligidos y desanimados. Aunque este deseo de vengarse parezca extremo en comparaci\u00f3n con el esp\u00edritu del cristianismo, sin embargo, es comprensible cuando se recuerda c\u00f3mo hab\u00edan sufrido los jud\u00edos en manos de sus enemigos.<\/p>\n\n\n\n<p><strong>TESTIMONIO ANTE LOS QUE NOS MALTRATAN.<\/strong> Los soldados babil\u00f3nicos cuando ve\u00edan a los jud\u00edos tristes, les ped\u00edan que entonaran canciones de su pa\u00eds para superar el des\u00e1nimo y la depresi\u00f3n. \u00bfAnimamos a las personas que nos rodean para que puedan superar las crisis o dolor por la que est\u00e1n atravesando? \u00bfNos identificamos con las necesidades emocionales?<\/p>\n\n\n\n<p><strong>CANTAR CUANDO SE EST\u00c1 PASANDO POR DIFICULTADES.<\/strong> \u00bfPodemos cantar&nbsp;alabanzas a Dios cuando estamos rodeados de enfermedad, dolor, injusticias y sentimos impotencia por los malos tratos? \u00bfPodr\u00edamos expresar gratitud a Dios y alabar su nombre? Dios permita que nos convirtamos en instrumentos de fe, consuelo, esperanza para todos los que nos necesiten.<\/p>\n\n\n\n<h2 class=\"wp-block-heading\">CITA SELECTA<\/h2>\n\n\n\n<p>\u201cLos babilonios ped\u00edan a los cautivos jud\u00edos que toquen sus arpas y entonen canciones, pero ellos no quer\u00edan dar un concierto, porque ellos cantaban al Se\u00f1or con declaraciones de la verdad y como actos de adoraci\u00f3n. La invitaci\u00f3n a cantar era una invitaci\u00f3n indirecta a ambientarse y superar la tristeza de la esclavitud. Aunque la vida no es un gozo sin fin: \u201cEn lugar de lamentos, lloro y desesperaci\u00f3n, cuando las pruebas&nbsp;se acumulan sobre nosotros y nos amenazan como una inundaci\u00f3n que quisiera abrumarnos, sino solamente or\u00e1ramos pidiendo ayuda a Dios, sino que alab\u00e1ramos al Se\u00f1or por tantas&nbsp;bendiciones que nos ha dado\u2014alabando a Aquel que es capaz de ayudarnos\u2014, nuestra conducta ser\u00eda m\u00e1s agradable a sus ojos, y ver\u00edamos m\u00e1s su salvaci\u00f3n\u201d.<\/p>\n\n\n\n<p>NOTAS BIOGR\u00c1FICAS DE ELENA G. DE WHITE, P.285<\/p>\n\n\n\n<h2 class=\"wp-block-heading\">ORACI\u00d3N:<\/h2>\n\n\n\n<p>PADRE DE AMOR, TE AGRADECEMOS POR LAS PRUEBAS Y LAS DIFICULTADES, DOLOR O SUFRIMIENTO QUE ESTAMOS ATRAVESANDO. DESEAMOS SEGUIR ALABANDO TU NOMBRE Y MANTENER UN ESP\u00cdRITU DE GRATITUD Y DE ALEGR\u00cdA. POR JES\u00daS, AM\u00c9N.\u00a0<\/p>\n\n\n\n<iframe width=\"100%\" height=\"166\" scrolling=\"no\" frameborder=\"no\" allow=\"autoplay\" src=\"https:\/\/w.soundcloud.com\/player\/?url=https%3A\/\/api.soundcloud.com\/tracks\/1617584880&#038;color=%23ff5500&#038;auto_play=true&#038;hide_related=false&#038;show_comments=false&#038;show_user=true&#038;show_reposts=false&#038;show_teaser=true\"><\/iframe><div style=\"font-size: 10px; color: #cccccc;line-break: anywhere;word-break: normal;overflow: hidden;white-space: nowrap;text-overflow: ellipsis; font-family: Interstate,Lucida Grande,Lucida Sans Unicode,Lucida Sans,Garuda,Verdana,Tahoma,sans-serif;font-weight: 100;\"><a href=\"https:\/\/soundcloud.com\/centro-white-unadeca-1\" title=\"Escuela de Teolog\u00eda, UNADECA\" target=\"_blank\" style=\"color: #cccccc; text-decoration: none;\" rel=\"noopener\">Escuela de Teolog\u00eda, UNADECA<\/a> \u00b7 <a href=\"https:\/\/soundcloud.com\/centro-white-unadeca-1\/20230920-salmo137\" title=\"20230920 Salmo137\" target=\"_blank\" style=\"color: #cccccc; text-decoration: none;\" rel=\"noopener\">20230920 Salmo137<\/a><\/div>\n","protected":false},"excerpt":{"rendered":"<p>DESAF\u00cdO: CANTAR Y ESTAR ALEGRES A PESAR DE LAS PRUEBAS VERS\u00cdCULO PARA MEMORIZAR: \u201cY los que nos hab\u00edan llevado cautivos nos ped\u00edan que cant\u00e1semos, y los que nos hab\u00edan desolado nos ped\u00edan alegr\u00eda, diciendo: Cantadnos algunos de los c\u00e1nticos de Si\u00f3n\u201d. SALMO 137:3 COMENTARIO HIST\u00d3RICO DE SALMOS 137 El salmo 137 es llamado: \u201cEl canto [&hellip;]<\/p>\n","protected":false},"author":1,"featured_media":0,"comment_status":"open","ping_status":"open","sticky":false,"template":"","format":"standard","meta":{"_eb_attr":"","site-sidebar-layout":"default","site-content-layout":"","ast-site-content-layout":"","site-content-style":"default","site-sidebar-style":"default","ast-global-header-display":"","ast-banner-title-visibility":"","ast-main-header-display":"","ast-hfb-above-header-display":"","ast-hfb-below-header-display":"","ast-hfb-mobile-header-display":"","site-post-title":"","ast-breadcrumbs-content":"","ast-featured-img":"","footer-sml-layout":"","theme-transparent-header-meta":"","adv-header-id-meta":"","stick-header-meta":"","header-above-stick-meta":"","header-main-stick-meta":"","header-below-stick-meta":"","astra-migrate-meta-layouts":"default","ast-page-background-enabled":"default","ast-page-background-meta":{"desktop":{"background-color":"var(--ast-global-color-4)","background-image":"","background-repeat":"repeat","background-position":"center center","background-size":"auto","background-attachment":"scroll","background-type":"","background-media":"","overlay-type":"","overlay-color":"","overlay-gradient":""},"tablet":{"background-color":"","background-image":"","background-repeat":"repeat","background-position":"center center","background-size":"auto","background-attachment":"scroll","background-type":"","background-media":"","overlay-type":"","overlay-color":"","overlay-gradient":""},"mobile":{"background-color":"","background-image":"","background-repeat":"repeat","background-position":"center center","background-size":"auto","background-attachment":"scroll","background-type":"","background-media":"","overlay-type":"","overlay-color":"","overlay-gradient":""}},"ast-content-background-meta":{"desktop":{"background-color":"var(--ast-global-color-5)","background-image":"","background-repeat":"repeat","background-position":"center center","background-size":"auto","background-attachment":"scroll","background-type":"","background-media":"","overlay-type":"","overlay-color":"","overlay-gradient":""},"tablet":{"background-color":"var(--ast-global-color-5)","background-image":"","background-repeat":"repeat","background-position":"center center","background-size":"auto","background-attachment":"scroll","background-type":"","background-media":"","overlay-type":"","overlay-color":"","overlay-gradient":""},"mobile":{"background-color":"var(--ast-global-color-5)","background-image":"","background-repeat":"repeat","background-position":"center center","background-size":"auto","background-attachment":"scroll","background-type":"","background-media":"","overlay-type":"","overlay-color":"","overlay-gradient":""}},"footnotes":""},"categories":[1],"tags":[],"class_list":["post-227913","post","type-post","status-publish","format-standard","hentry","category-atentos"],"_links":{"self":[{"href":"http:\/\/unadeca.ac.cr\/teologia\/wp-json\/wp\/v2\/posts\/227913","targetHints":{"allow":["GET"]}}],"collection":[{"href":"http:\/\/unadeca.ac.cr\/teologia\/wp-json\/wp\/v2\/posts"}],"about":[{"href":"http:\/\/unadeca.ac.cr\/teologia\/wp-json\/wp\/v2\/types\/post"}],"author":[{"embeddable":true,"href":"http:\/\/unadeca.ac.cr\/teologia\/wp-json\/wp\/v2\/users\/1"}],"replies":[{"embeddable":true,"href":"http:\/\/unadeca.ac.cr\/teologia\/wp-json\/wp\/v2\/comments?post=227913"}],"version-history":[{"count":1,"href":"http:\/\/unadeca.ac.cr\/teologia\/wp-json\/wp\/v2\/posts\/227913\/revisions"}],"predecessor-version":[{"id":227914,"href":"http:\/\/unadeca.ac.cr\/teologia\/wp-json\/wp\/v2\/posts\/227913\/revisions\/227914"}],"wp:attachment":[{"href":"http:\/\/unadeca.ac.cr\/teologia\/wp-json\/wp\/v2\/media?parent=227913"}],"wp:term":[{"taxonomy":"category","embeddable":true,"href":"http:\/\/unadeca.ac.cr\/teologia\/wp-json\/wp\/v2\/categories?post=227913"},{"taxonomy":"post_tag","embeddable":true,"href":"http:\/\/unadeca.ac.cr\/teologia\/wp-json\/wp\/v2\/tags?post=227913"}],"curies":[{"name":"wp","href":"https:\/\/api.w.org\/{rel}","templated":true}]}}