{"id":227921,"date":"2023-09-24T00:00:00","date_gmt":"2023-09-24T00:00:00","guid":{"rendered":"https:\/\/unadeca.ac.cr\/teologia\/?p=227921"},"modified":"2023-09-16T15:14:09","modified_gmt":"2023-09-16T15:14:09","slug":"salmo-141-24-setiembre-2023","status":"publish","type":"post","link":"http:\/\/unadeca.ac.cr\/teologia\/2023\/09\/24\/salmo-141-24-setiembre-2023\/","title":{"rendered":"SALMO 141 &#8211; 24 SETIEMBRE 2023"},"content":{"rendered":"\n<h2 class=\"wp-block-heading\">DESAF\u00cdO: PRACTICAR LA ORACI\u00d3N EN LA MA\u00d1ANA Y EN LA NOCHE<\/h2>\n\n\n\n<hr class=\"wp-block-separator has-alpha-channel-opacity\"\/>\n\n\n\n<h3 class=\"wp-block-heading\">VERS\u00cdCULO PARA MEMORIZAR:<\/h3>\n\n\n\n<p>\u201cQue suba a tu presencia mi plegaria como una ofrenda de incienso;<\/p>\n\n\n\n<p>que hacia ti se eleven mis manos como un sacrificio vespertino\u201d<\/p>\n\n\n\n<p>SALMO 141:2<\/p>\n\n\n\n<hr class=\"wp-block-separator has-alpha-channel-opacity\"\/>\n\n\n\n<h2 class=\"wp-block-heading\">COMENTARIO HIST\u00d3RICO DE SALMOS 141<\/h2>\n\n\n\n<p>El salmo 141 fue escrito por David probablemente cuando hu\u00eda de Absal\u00f3n.<\/p>\n\n\n\n<p>Esta poes\u00eda se divide en:<\/p>\n\n\n\n<p>1) S\u00faplica en la que le solicita a Dios que acepte su petici\u00f3n;<\/p>\n\n\n\n<p>2) Petici\u00f3n por integridad al inclinar su coraz\u00f3n contra la iniquidad y la voluntad de aceptar correcci\u00f3n;<\/p>\n\n\n\n<p>3) Declaraci\u00f3n de confianza en la derrota de los imp\u00edos por la confianza puesta en Dios;<\/p>\n\n\n\n<p>4) Petici\u00f3n por su defensa contra los imp\u00edos y por su muerte (vers. 8b-10). David pide que su oraci\u00f3n ascienda hasta el trono de Dios, as\u00ed como ascend\u00eda el incienso en el santuario, como s\u00edmbolo de las oraciones del pueblo.<\/p>\n\n\n\n<p><strong>PRACTIQUEMOS LA <\/strong><strong>ORACI\u00d3N MATUTINA.<\/strong> La primera actividad que debemos realizar al despertarnos en la ma\u00f1ana es comunicarnos con Dios por medio de la oraci\u00f3n. Hablemos con Dios como cuando conversamos con un amigo. Expresemos nuestros planes, desaf\u00edos y tareas que pensamos desarrollar. El culto matutino, pid\u00e1mosle que cuide a los miembros de nuestras familias.<\/p>\n\n\n\n<p><strong>PRACTIQUEMOS LA ORACI\u00d3N VESPERTINA.<\/strong> Despu\u00e9s de haber realizado las actividades cotidiana de cada d\u00eda, antes de ir a dormir, debemos juntarnos todos los miembros de la familia para que cada uno exprese la manera en que Dios nos dirigi\u00f3 y cuid\u00f3.&nbsp;<\/p>\n\n\n\n<h2 class=\"wp-block-heading\">CITA SELECTA<\/h2>\n\n\n\n<p>\u201cLas horas designadas para el sacrificio matutino&nbsp;y vespertino se consideraban sagradas, y toda la naci\u00f3n jud\u00eda lleg\u00f3 a observarlas como momentos dedicados al culto. Y cuando en tiempos posteriores los jud\u00edos fueron diseminados como cautivos en distintos pa\u00edses, a\u00fan entonces a la hora indicada dirig\u00edan&nbsp;el&nbsp;rostro hacia Jerusal\u00e9n, y elevaban sus oraciones al Dios de Israel. En esta costumbre los cristianos tienen un ejemplo&nbsp;para&nbsp;su oraci\u00f3n matutina y vespertina. Si bien Dios condena la mera ejecuci\u00f3n de ceremonias que carezcan del esp\u00edritu de culto, mira con gran satisfacci\u00f3n a los que le aman y se postran de ma\u00f1ana y tarde,&nbsp;para&nbsp;pedir&nbsp;el&nbsp;perd\u00f3n de los pecados cometidos y&nbsp;las&nbsp;bendiciones que necesitan\u201d<\/p>\n\n\n\n<p>LA ORACI\u00d3N, P.27<\/p>\n\n\n\n<h2 class=\"wp-block-heading\">ORACI\u00d3N:<\/h2>\n\n\n\n<p>PADRE NUESTRO, GRACIAS POR ESCUCHAR NUESTRAS ORACIONES QUE TE ELEVAMOS EN LA MA\u00d1ANA Y EN LA NOCHE.\u00a0 TE PEDIMOS QUE BENDIGAS A NUESTROS HIJOS Y A TODOS LOS MIEMBROS DE NUESTRA FAMILIA. INTERCEDEMOS POR LA VIDA DE NUSTROS AMIGOS, HERMANOS, PARA QUE PUEDAS SUPLIR TODAS SUS NECESIDADES. POR JES\u00daS, AM\u00c9N.\u00a0<\/p>\n\n\n\n<iframe width=\"100%\" height=\"166\" scrolling=\"no\" frameborder=\"no\" allow=\"autoplay\" src=\"https:\/\/w.soundcloud.com\/player\/?url=https%3A\/\/api.soundcloud.com\/tracks\/1617585048&#038;color=%23ff5500&#038;auto_play=true&#038;hide_related=false&#038;show_comments=false&#038;show_user=true&#038;show_reposts=false&#038;show_teaser=true\"><\/iframe><div style=\"font-size: 10px; color: #cccccc;line-break: anywhere;word-break: normal;overflow: hidden;white-space: nowrap;text-overflow: ellipsis; font-family: Interstate,Lucida Grande,Lucida Sans Unicode,Lucida Sans,Garuda,Verdana,Tahoma,sans-serif;font-weight: 100;\"><a href=\"https:\/\/soundcloud.com\/centro-white-unadeca-1\" title=\"Escuela de Teolog\u00eda, UNADECA\" target=\"_blank\" style=\"color: #cccccc; text-decoration: none;\" rel=\"noopener\">Escuela de Teolog\u00eda, UNADECA<\/a> \u00b7 <a href=\"https:\/\/soundcloud.com\/centro-white-unadeca-1\/20230924-salmo141\" title=\"20230924 Salmo141\" target=\"_blank\" style=\"color: #cccccc; text-decoration: none;\" rel=\"noopener\">20230924 Salmo141<\/a><\/div>\n","protected":false},"excerpt":{"rendered":"<p>DESAF\u00cdO: PRACTICAR LA ORACI\u00d3N EN LA MA\u00d1ANA Y EN LA NOCHE VERS\u00cdCULO PARA MEMORIZAR: \u201cQue suba a tu presencia mi plegaria como una ofrenda de incienso; que hacia ti se eleven mis manos como un sacrificio vespertino\u201d SALMO 141:2 COMENTARIO HIST\u00d3RICO DE SALMOS 141 El salmo 141 fue escrito por David probablemente cuando hu\u00eda de [&hellip;]<\/p>\n","protected":false},"author":1,"featured_media":0,"comment_status":"open","ping_status":"open","sticky":false,"template":"","format":"standard","meta":{"_eb_attr":"","site-sidebar-layout":"default","site-content-layout":"","ast-site-content-layout":"","site-content-style":"default","site-sidebar-style":"default","ast-global-header-display":"","ast-banner-title-visibility":"","ast-main-header-display":"","ast-hfb-above-header-display":"","ast-hfb-below-header-display":"","ast-hfb-mobile-header-display":"","site-post-title":"","ast-breadcrumbs-content":"","ast-featured-img":"","footer-sml-layout":"","theme-transparent-header-meta":"","adv-header-id-meta":"","stick-header-meta":"","header-above-stick-meta":"","header-main-stick-meta":"","header-below-stick-meta":"","astra-migrate-meta-layouts":"default","ast-page-background-enabled":"default","ast-page-background-meta":{"desktop":{"background-color":"var(--ast-global-color-4)","background-image":"","background-repeat":"repeat","background-position":"center center","background-size":"auto","background-attachment":"scroll","background-type":"","background-media":"","overlay-type":"","overlay-color":"","overlay-gradient":""},"tablet":{"background-color":"","background-image":"","background-repeat":"repeat","background-position":"center center","background-size":"auto","background-attachment":"scroll","background-type":"","background-media":"","overlay-type":"","overlay-color":"","overlay-gradient":""},"mobile":{"background-color":"","background-image":"","background-repeat":"repeat","background-position":"center center","background-size":"auto","background-attachment":"scroll","background-type":"","background-media":"","overlay-type":"","overlay-color":"","overlay-gradient":""}},"ast-content-background-meta":{"desktop":{"background-color":"var(--ast-global-color-5)","background-image":"","background-repeat":"repeat","background-position":"center center","background-size":"auto","background-attachment":"scroll","background-type":"","background-media":"","overlay-type":"","overlay-color":"","overlay-gradient":""},"tablet":{"background-color":"var(--ast-global-color-5)","background-image":"","background-repeat":"repeat","background-position":"center center","background-size":"auto","background-attachment":"scroll","background-type":"","background-media":"","overlay-type":"","overlay-color":"","overlay-gradient":""},"mobile":{"background-color":"var(--ast-global-color-5)","background-image":"","background-repeat":"repeat","background-position":"center center","background-size":"auto","background-attachment":"scroll","background-type":"","background-media":"","overlay-type":"","overlay-color":"","overlay-gradient":""}},"footnotes":""},"categories":[1],"tags":[],"class_list":["post-227921","post","type-post","status-publish","format-standard","hentry","category-atentos"],"_links":{"self":[{"href":"http:\/\/unadeca.ac.cr\/teologia\/wp-json\/wp\/v2\/posts\/227921","targetHints":{"allow":["GET"]}}],"collection":[{"href":"http:\/\/unadeca.ac.cr\/teologia\/wp-json\/wp\/v2\/posts"}],"about":[{"href":"http:\/\/unadeca.ac.cr\/teologia\/wp-json\/wp\/v2\/types\/post"}],"author":[{"embeddable":true,"href":"http:\/\/unadeca.ac.cr\/teologia\/wp-json\/wp\/v2\/users\/1"}],"replies":[{"embeddable":true,"href":"http:\/\/unadeca.ac.cr\/teologia\/wp-json\/wp\/v2\/comments?post=227921"}],"version-history":[{"count":1,"href":"http:\/\/unadeca.ac.cr\/teologia\/wp-json\/wp\/v2\/posts\/227921\/revisions"}],"predecessor-version":[{"id":227922,"href":"http:\/\/unadeca.ac.cr\/teologia\/wp-json\/wp\/v2\/posts\/227921\/revisions\/227922"}],"wp:attachment":[{"href":"http:\/\/unadeca.ac.cr\/teologia\/wp-json\/wp\/v2\/media?parent=227921"}],"wp:term":[{"taxonomy":"category","embeddable":true,"href":"http:\/\/unadeca.ac.cr\/teologia\/wp-json\/wp\/v2\/categories?post=227921"},{"taxonomy":"post_tag","embeddable":true,"href":"http:\/\/unadeca.ac.cr\/teologia\/wp-json\/wp\/v2\/tags?post=227921"}],"curies":[{"name":"wp","href":"https:\/\/api.w.org\/{rel}","templated":true}]}}