{"id":227923,"date":"2023-09-25T00:00:00","date_gmt":"2023-09-25T00:00:00","guid":{"rendered":"https:\/\/unadeca.ac.cr\/teologia\/?p=227923"},"modified":"2023-09-16T15:15:20","modified_gmt":"2023-09-16T15:15:20","slug":"salmo-142-25-setiembre-2023","status":"publish","type":"post","link":"http:\/\/unadeca.ac.cr\/teologia\/2023\/09\/25\/salmo-142-25-setiembre-2023\/","title":{"rendered":"SALMO 142 &#8211; 25 SETIEMBRE 2023"},"content":{"rendered":"\n<h2 class=\"wp-block-heading\">\u00bfQU\u00c9 HACER CUANDO NOS SENTIMOS SOLOS O DESPROTEGIDOS?<\/h2>\n\n\n\n<hr class=\"wp-block-separator has-alpha-channel-opacity\"\/>\n\n\n\n<h3 class=\"wp-block-heading\">VERS\u00cdCULO PARA MEMORIZAR:<\/h3>\n\n\n\n<p>\u201cClam\u00e9 a ti, oh, Jehov\u00e1;<\/p>\n\n\n\n<p>Dije: T\u00fa eres mi esperanza,<\/p>\n\n\n\n<p>y mi porci\u00f3n en la tierra de los vivientes\u201d<\/p>\n\n\n\n<p>SALMO 142:5<\/p>\n\n\n\n<hr class=\"wp-block-separator has-alpha-channel-opacity\"\/>\n\n\n\n<h2 class=\"wp-block-heading\">COMENTARIO HIST\u00d3RICO DE SALMOS 142<\/h2>\n\n\n\n<p>El salmo 142 fue escrito por David cuando estuvo escondido en una cueva, rodeado de enemigos e incomprendido por sus amigos. El salmista siente una profunda soledad al ser perseguido, abandonado, pero clama a Dios para contar con su presencia.<\/p>\n\n\n\n<p>El salmo expresa:<\/p>\n\n\n\n<p>1) Clamor al Se\u00f1or, pidiendo ayuda y la declaraci\u00f3n p\u00fablica de su dependencia en Dios;<\/p>\n\n\n\n<p>2) Lamento de que sus enemigos tratan de atraparlo y que no puede librarse y nadie lo cuida;<\/p>\n\n\n\n<p>3) Una confesi\u00f3n de confianza en el Se\u00f1or y la petici\u00f3n de que Dios lo favorezca y lo salve.<\/p>\n\n\n\n<p>\u00c9ste salmo nos incentiva a:<\/p>\n\n\n\n<p><strong>CLAMAR POR AYUDA DIVINA.<\/strong> Las dificultades son las oportunidades que Dios nos otorga para que dejemos de confiar en los hombres y orar a Dios por socorro, ayuda y soluci\u00f3n para nuestros problemas.<\/p>\n\n\n\n<p><strong>DEPOSITEMOS NUESTRA ESPERANZA EN DIOS.<\/strong> Aumentemos nuestra fe en Dios, en las palabras que dijo su Hijo: \u201c<em>\u00bfQu\u00e9 padre de vosotros, si su hijo le pide pan, le dar\u00e1 una piedra? \u00bfo si pescado, en lugar de pescado, le dar\u00e1 una serpiente? \u00bfO si le pide un huevo, le dar\u00e1 un escorpi\u00f3n? Pues si vosotros, siendo malos, sab\u00e9is dar buenas d\u00e1divas a vuestros hijos, \u00bfcu\u00e1nto m\u00e1s vuestro Padre celestial dar\u00e1 el Esp\u00edritu Santo a los que se lo pidan?\u201d (Lucas 11:11-13).&nbsp;<\/em><\/p>\n\n\n\n<h2 class=\"wp-block-heading\">CITA SELECTA<\/h2>\n\n\n\n<p>\u201cMiramos a nuestro yo como si tuvi\u00e9ramos poder para salvarnos a nosotros mismos, pero Jes\u00fas muri\u00f3 por nosotros porque somos impotentes para hacer eso. En \u00e9l est\u00e1n nuestra esperanza, nuestra justificaci\u00f3n, nuestra&nbsp;justicia. No debemos desalentarnos y temer que no tenemos Salvador, o que \u00e9l no tiene pensamientos de misericordia hacia nosotros. En este mismo momento est\u00e1 realizando su obra en nuestro favor,&nbsp;invit\u00e1ndonos a acudir a \u00e9l, en&nbsp;nuestra&nbsp;impotencia, y ser salvados.&nbsp;Lo deshonramos con nuestra incredulidad. Es asombroso c\u00f3mo tratamos a nuestro mejor Amigo, cu\u00e1n poca confianza depositamos en Aquel que puede salvarnos hasta&nbsp;lo&nbsp;\u00faltimo y que nos ha dado toda evidencia de su gran amor\u201d<\/p>\n\n\n\n<p>CONSEJOS PARA LA IGLESIA, P.83<\/p>\n\n\n\n<h2 class=\"wp-block-heading\">ORACI\u00d3N:<\/h2>\n\n\n\n<p>PADRE, TE AGRADECEMOS POR EXTENDER TU GRACIA AL CONTESTAR NUESTRAS ORACIONES. UNIMOS NUESTRAS PLEGARIAS PARA QUE SE TERMINE LA GUERRA ENTRE RUSIA Y UCRANIA. INTERCEDEMOS POR LOS PA\u00cdSES AFRICANOS QUE EST\u00c1N EN GUERRAS INTERNAS. ESCUCHA POR FAVOR NUESTRAS PLEGARIAS Y DALES CONSUELO A LOS HAN PERDIDOS SUS SERES AMADOS. POR JES\u00daS, AM\u00c9N.\u00a0<\/p>\n\n\n\n<iframe width=\"100%\" height=\"166\" scrolling=\"no\" frameborder=\"no\" allow=\"autoplay\" src=\"https:\/\/w.soundcloud.com\/player\/?url=https%3A\/\/api.soundcloud.com\/tracks\/1617585069&#038;color=%23ff5500&#038;auto_play=true&#038;hide_related=false&#038;show_comments=false&#038;show_user=true&#038;show_reposts=false&#038;show_teaser=true\"><\/iframe><div style=\"font-size: 10px; color: #cccccc;line-break: anywhere;word-break: normal;overflow: hidden;white-space: nowrap;text-overflow: ellipsis; font-family: Interstate,Lucida Grande,Lucida Sans Unicode,Lucida Sans,Garuda,Verdana,Tahoma,sans-serif;font-weight: 100;\"><a href=\"https:\/\/soundcloud.com\/centro-white-unadeca-1\" title=\"Escuela de Teolog\u00eda, UNADECA\" target=\"_blank\" style=\"color: #cccccc; text-decoration: none;\" rel=\"noopener\">Escuela de Teolog\u00eda, UNADECA<\/a> \u00b7 <a href=\"https:\/\/soundcloud.com\/centro-white-unadeca-1\/20230925-salmo142\" title=\"20230925 Salmo142\" target=\"_blank\" style=\"color: #cccccc; text-decoration: none;\" rel=\"noopener\">20230925 Salmo142<\/a><\/div>\n","protected":false},"excerpt":{"rendered":"<p>\u00bfQU\u00c9 HACER CUANDO NOS SENTIMOS SOLOS O DESPROTEGIDOS? VERS\u00cdCULO PARA MEMORIZAR: \u201cClam\u00e9 a ti, oh, Jehov\u00e1; Dije: T\u00fa eres mi esperanza, y mi porci\u00f3n en la tierra de los vivientes\u201d SALMO 142:5 COMENTARIO HIST\u00d3RICO DE SALMOS 142 El salmo 142 fue escrito por David cuando estuvo escondido en una cueva, rodeado de enemigos e incomprendido [&hellip;]<\/p>\n","protected":false},"author":1,"featured_media":0,"comment_status":"open","ping_status":"open","sticky":false,"template":"","format":"standard","meta":{"_eb_attr":"","site-sidebar-layout":"default","site-content-layout":"","ast-site-content-layout":"","site-content-style":"default","site-sidebar-style":"default","ast-global-header-display":"","ast-banner-title-visibility":"","ast-main-header-display":"","ast-hfb-above-header-display":"","ast-hfb-below-header-display":"","ast-hfb-mobile-header-display":"","site-post-title":"","ast-breadcrumbs-content":"","ast-featured-img":"","footer-sml-layout":"","theme-transparent-header-meta":"","adv-header-id-meta":"","stick-header-meta":"","header-above-stick-meta":"","header-main-stick-meta":"","header-below-stick-meta":"","astra-migrate-meta-layouts":"default","ast-page-background-enabled":"default","ast-page-background-meta":{"desktop":{"background-color":"var(--ast-global-color-4)","background-image":"","background-repeat":"repeat","background-position":"center center","background-size":"auto","background-attachment":"scroll","background-type":"","background-media":"","overlay-type":"","overlay-color":"","overlay-gradient":""},"tablet":{"background-color":"","background-image":"","background-repeat":"repeat","background-position":"center center","background-size":"auto","background-attachment":"scroll","background-type":"","background-media":"","overlay-type":"","overlay-color":"","overlay-gradient":""},"mobile":{"background-color":"","background-image":"","background-repeat":"repeat","background-position":"center center","background-size":"auto","background-attachment":"scroll","background-type":"","background-media":"","overlay-type":"","overlay-color":"","overlay-gradient":""}},"ast-content-background-meta":{"desktop":{"background-color":"var(--ast-global-color-5)","background-image":"","background-repeat":"repeat","background-position":"center center","background-size":"auto","background-attachment":"scroll","background-type":"","background-media":"","overlay-type":"","overlay-color":"","overlay-gradient":""},"tablet":{"background-color":"var(--ast-global-color-5)","background-image":"","background-repeat":"repeat","background-position":"center center","background-size":"auto","background-attachment":"scroll","background-type":"","background-media":"","overlay-type":"","overlay-color":"","overlay-gradient":""},"mobile":{"background-color":"var(--ast-global-color-5)","background-image":"","background-repeat":"repeat","background-position":"center center","background-size":"auto","background-attachment":"scroll","background-type":"","background-media":"","overlay-type":"","overlay-color":"","overlay-gradient":""}},"footnotes":""},"categories":[1],"tags":[],"class_list":["post-227923","post","type-post","status-publish","format-standard","hentry","category-atentos"],"_links":{"self":[{"href":"http:\/\/unadeca.ac.cr\/teologia\/wp-json\/wp\/v2\/posts\/227923","targetHints":{"allow":["GET"]}}],"collection":[{"href":"http:\/\/unadeca.ac.cr\/teologia\/wp-json\/wp\/v2\/posts"}],"about":[{"href":"http:\/\/unadeca.ac.cr\/teologia\/wp-json\/wp\/v2\/types\/post"}],"author":[{"embeddable":true,"href":"http:\/\/unadeca.ac.cr\/teologia\/wp-json\/wp\/v2\/users\/1"}],"replies":[{"embeddable":true,"href":"http:\/\/unadeca.ac.cr\/teologia\/wp-json\/wp\/v2\/comments?post=227923"}],"version-history":[{"count":1,"href":"http:\/\/unadeca.ac.cr\/teologia\/wp-json\/wp\/v2\/posts\/227923\/revisions"}],"predecessor-version":[{"id":227924,"href":"http:\/\/unadeca.ac.cr\/teologia\/wp-json\/wp\/v2\/posts\/227923\/revisions\/227924"}],"wp:attachment":[{"href":"http:\/\/unadeca.ac.cr\/teologia\/wp-json\/wp\/v2\/media?parent=227923"}],"wp:term":[{"taxonomy":"category","embeddable":true,"href":"http:\/\/unadeca.ac.cr\/teologia\/wp-json\/wp\/v2\/categories?post=227923"},{"taxonomy":"post_tag","embeddable":true,"href":"http:\/\/unadeca.ac.cr\/teologia\/wp-json\/wp\/v2\/tags?post=227923"}],"curies":[{"name":"wp","href":"https:\/\/api.w.org\/{rel}","templated":true}]}}