{"id":228141,"date":"2023-11-07T00:00:00","date_gmt":"2023-11-07T00:00:00","guid":{"rendered":"https:\/\/unadeca.ac.cr\/teologia\/?p=228141"},"modified":"2023-11-02T21:59:05","modified_gmt":"2023-11-02T21:59:05","slug":"eclesiastes-4-7-noviembre-2023","status":"publish","type":"post","link":"http:\/\/unadeca.ac.cr\/teologia\/2023\/11\/07\/eclesiastes-4-7-noviembre-2023\/","title":{"rendered":"ECLESIAST\u00c9S 4 &#8211; 7 NOVIEMBRE 2023"},"content":{"rendered":"\n<h2 class=\"wp-block-heading\">INTERROGANTE: \u00bfHEMOS DESARROLLADO LA HABILIDAD DE CONSOLAR A LAS PERSONAS QUE SUFREN OPRESI\u00d3N O DOLOR?<\/h2>\n\n\n\n<h3 class=\"wp-block-heading\">VERS\u00cdCULO PARA MEMORIZAR:<\/h3>\n\n\n\n<p>\u201cMe volv\u00ed y vi todas las violencias que se hacen debajo del sol; y he aqu\u00ed las l\u00e1grimas de los oprimidos, sin tener quien los consuele; y la fuerza estaba en la mano de sus opresores, y para ellos no hab\u00eda consolador\u201d (Ver. 1).<\/p>\n\n\n\n<iframe width=\"100%\" height=\"20\" scrolling=\"no\" frameborder=\"no\" allow=\"autoplay\" src=\"https:\/\/w.soundcloud.com\/player\/?url=https%3A\/\/api.soundcloud.com\/tracks\/1655409357%3Fsecret_token%3Ds-jWCTj09myjl&#038;color=%23ff5500&#038;inverse=false&#038;auto_play=true&#038;show_user=true\"><\/iframe><div style=\"font-size: 10px; color: #cccccc;line-break: anywhere;word-break: normal;overflow: hidden;white-space: nowrap;text-overflow: ellipsis; font-family: Interstate,Lucida Grande,Lucida Sans Unicode,Lucida Sans,Garuda,Verdana,Tahoma,sans-serif;font-weight: 100;\"><a href=\"https:\/\/soundcloud.com\/centro-white-unadeca-1\" title=\"Escuela de Teolog\u00eda, UNADECA\" target=\"_blank\" style=\"color: #cccccc; text-decoration: none;\" rel=\"noopener\">Escuela de Teolog\u00eda, UNADECA<\/a> \u00b7 <a href=\"https:\/\/soundcloud.com\/centro-white-unadeca-1\/20231107-eclesiastes4\/s-jWCTj09myjl\" title=\"20231107 Eclesiastes4\" target=\"_blank\" style=\"color: #cccccc; text-decoration: none;\" rel=\"noopener\">20231107 Eclesiastes4<\/a><\/div>\n\n\n\n<h2 class=\"wp-block-heading\">COMENTARIO HIST\u00d3RICO DE ECLESIAST\u00c9S 4.<\/h2>\n\n\n\n<p>Este cap\u00edtulo analiza el tema de la violencia y las injusticias. Salom\u00f3n incentiva para no trabajar solos, sino formar parejas o equipos que tengan los mismos objetivos, porque cuando uno se desanima o fracasa, tendr\u00e1 a alguien para que pueda apoyar y reanimar. Pidamos a Dios cultivar el don de la consolaci\u00f3n:<\/p>\n\n\n\n<p><strong>CONSOLAR A LOS QUE SUFREN OPRESI\u00d3N<\/strong><strong>.<\/strong> Las personas que sufren opresi\u00f3n laboral, injusticia social, maltrato familiar, segregaci\u00f3n racial, o discriminaci\u00f3n de g\u00e9nero, necesitan de una \u201cmano que sostenga\u201d, de un \u201cabrazo que fortalezca\u201d, o de un consejo sabio que le ayude a superar la crisis.<\/p>\n\n\n\n<p><strong>CONSOLAR A LOS QUE EST\u00c1N PASANDO POR DOLOR<\/strong>. El dolor en el ser humano se manifiesta por:<\/p>\n\n\n\n<p>1) Sufrimiento por enfermedades terminales o dolor que produce el mismo mal;<\/p>\n\n\n\n<p>2) Dolor por la muerte de un familiar, amigo, vecino o colega de trabajo;<\/p>\n\n\n\n<p>3) L\u00e1grimas por el abandono que sufren los padres o los hijos;<\/p>\n\n\n\n<p>4) Tristeza porque el matrimonio que contrajimos pens\u00e1bamos que ser\u00eda para nuestra felicidad, sin embargo, se ha vuelto en un calvario.<\/p>\n\n\n\n<p>Apreciados lectores: Pidamos a Dios que nos convierta en personas sensibles al dolor de las personas que nos rodean, y que colabores para las injusticias sean erradicadas de nuestro entorno.<\/p>\n\n\n\n<h2 class=\"wp-block-heading\">CITA SELECTA.<\/h2>\n\n\n\n<p>\u201cMuchos no tienen fe en Dios y han perdido la confianza en los seres humanos. Pero aprecian los actos de simpat\u00eda y de ayuda. Sus corazones se conmueven cuando ven que personas que no buscan la alabanza mundana ni compensaci\u00f3n alguna, van a sus hogares para ayudar a los enfermos, para alimentar a los hambrientos, para vestir a los desnudos y para consolar a los tristes, y cuando ven que le se\u00f1alan tiernamente a Aquel de cuyo amor y piedad el obrero humano es s\u00f3lo un mensajero, sienten gratitud y se enciende su fe. Ven que Dios se preocupa de ellos y quedan preparados para escuchar la ense\u00f1anza de su Palabra\u201d.<\/p>\n\n\n\n<p>&nbsp;(CONSEJOS SOBRE LA SALUD, P.385).<\/p>\n\n\n\n<h2 class=\"wp-block-heading\">ORACI\u00d3N:<\/h2>\n\n\n\n<p>PADRE DE CONSOLACI\u00d3N, TE DAMOS GRACIAS POR QUE, EN LOS MOMENTOS DE MUCHO DOLOR, HEMOS SENTIDO TU PRESENCIA. TE PEDIMOS QUE NOS OTORGUES LA SENSIBILIDAD DEL CIELO PARA PODER CONSOLAR A LAS PERSONAS QUE EST\u00c1N ENFRENTANDO DOLOR E INJUSTICIAS. POR JES\u00daS, AM\u00c9N.<\/p>\n","protected":false},"excerpt":{"rendered":"<p>INTERROGANTE: \u00bfHEMOS DESARROLLADO LA HABILIDAD DE CONSOLAR A LAS PERSONAS QUE SUFREN OPRESI\u00d3N O DOLOR? VERS\u00cdCULO PARA MEMORIZAR: \u201cMe volv\u00ed y vi todas las violencias que se hacen debajo del sol; y he aqu\u00ed las l\u00e1grimas de los oprimidos, sin tener quien los consuele; y la fuerza estaba en la mano de sus opresores, y [&hellip;]<\/p>\n","protected":false},"author":1,"featured_media":0,"comment_status":"open","ping_status":"open","sticky":false,"template":"","format":"standard","meta":{"_eb_attr":"","site-sidebar-layout":"default","site-content-layout":"","ast-site-content-layout":"","site-content-style":"default","site-sidebar-style":"default","ast-global-header-display":"","ast-banner-title-visibility":"","ast-main-header-display":"","ast-hfb-above-header-display":"","ast-hfb-below-header-display":"","ast-hfb-mobile-header-display":"","site-post-title":"","ast-breadcrumbs-content":"","ast-featured-img":"","footer-sml-layout":"","theme-transparent-header-meta":"","adv-header-id-meta":"","stick-header-meta":"","header-above-stick-meta":"","header-main-stick-meta":"","header-below-stick-meta":"","astra-migrate-meta-layouts":"default","ast-page-background-enabled":"default","ast-page-background-meta":{"desktop":{"background-color":"var(--ast-global-color-4)","background-image":"","background-repeat":"repeat","background-position":"center center","background-size":"auto","background-attachment":"scroll","background-type":"","background-media":"","overlay-type":"","overlay-color":"","overlay-gradient":""},"tablet":{"background-color":"","background-image":"","background-repeat":"repeat","background-position":"center center","background-size":"auto","background-attachment":"scroll","background-type":"","background-media":"","overlay-type":"","overlay-color":"","overlay-gradient":""},"mobile":{"background-color":"","background-image":"","background-repeat":"repeat","background-position":"center center","background-size":"auto","background-attachment":"scroll","background-type":"","background-media":"","overlay-type":"","overlay-color":"","overlay-gradient":""}},"ast-content-background-meta":{"desktop":{"background-color":"var(--ast-global-color-5)","background-image":"","background-repeat":"repeat","background-position":"center center","background-size":"auto","background-attachment":"scroll","background-type":"","background-media":"","overlay-type":"","overlay-color":"","overlay-gradient":""},"tablet":{"background-color":"var(--ast-global-color-5)","background-image":"","background-repeat":"repeat","background-position":"center center","background-size":"auto","background-attachment":"scroll","background-type":"","background-media":"","overlay-type":"","overlay-color":"","overlay-gradient":""},"mobile":{"background-color":"var(--ast-global-color-5)","background-image":"","background-repeat":"repeat","background-position":"center center","background-size":"auto","background-attachment":"scroll","background-type":"","background-media":"","overlay-type":"","overlay-color":"","overlay-gradient":""}},"footnotes":""},"categories":[1],"tags":[],"class_list":["post-228141","post","type-post","status-publish","format-standard","hentry","category-atentos"],"_links":{"self":[{"href":"http:\/\/unadeca.ac.cr\/teologia\/wp-json\/wp\/v2\/posts\/228141","targetHints":{"allow":["GET"]}}],"collection":[{"href":"http:\/\/unadeca.ac.cr\/teologia\/wp-json\/wp\/v2\/posts"}],"about":[{"href":"http:\/\/unadeca.ac.cr\/teologia\/wp-json\/wp\/v2\/types\/post"}],"author":[{"embeddable":true,"href":"http:\/\/unadeca.ac.cr\/teologia\/wp-json\/wp\/v2\/users\/1"}],"replies":[{"embeddable":true,"href":"http:\/\/unadeca.ac.cr\/teologia\/wp-json\/wp\/v2\/comments?post=228141"}],"version-history":[{"count":2,"href":"http:\/\/unadeca.ac.cr\/teologia\/wp-json\/wp\/v2\/posts\/228141\/revisions"}],"predecessor-version":[{"id":228146,"href":"http:\/\/unadeca.ac.cr\/teologia\/wp-json\/wp\/v2\/posts\/228141\/revisions\/228146"}],"wp:attachment":[{"href":"http:\/\/unadeca.ac.cr\/teologia\/wp-json\/wp\/v2\/media?parent=228141"}],"wp:term":[{"taxonomy":"category","embeddable":true,"href":"http:\/\/unadeca.ac.cr\/teologia\/wp-json\/wp\/v2\/categories?post=228141"},{"taxonomy":"post_tag","embeddable":true,"href":"http:\/\/unadeca.ac.cr\/teologia\/wp-json\/wp\/v2\/tags?post=228141"}],"curies":[{"name":"wp","href":"https:\/\/api.w.org\/{rel}","templated":true}]}}